{"id":253326,"date":"2022-04-18T13:22:16","date_gmt":"2022-04-18T10:22:16","guid":{"rendered":"http:\/\/107.6.182.27\/tr\/?p=253326"},"modified":"2022-04-19T08:20:35","modified_gmt":"2022-04-19T05:20:35","slug":"isgalci-turkiye-abu-raseyn-beldesini-top-ve-ihalarla-saldirdi","status":"publish","type":"post","link":"https:\/\/archive.sana.sy\/tr\/?p=253326","title":{"rendered":"\u0130\u015fgalci T\u00fcrkiye Abu Raseyn Beldesini Top Ve \u0130HA&#8217;larla Sald\u0131rd\u0131"},"content":{"rendered":"<p>HASAKE \u2013 T\u00fcrk i\u015fgal g\u00fc\u00e7leri bug\u00fcn Haseke&#8217;nin kuzeybat\u0131 k\u0131rsal\u0131ndaki Ebu Raseyn beldesi ve k\u00f6ylerine y\u00f6nelik sald\u0131r\u0131lar\u0131n\u0131 yeniledi.<\/p>\n<p>SANA Muhabiri, T\u00fcrk i\u015fgal g\u00fc\u00e7lerinin Ebu Rasin beldesi ve k\u00f6ylerini yo\u011fun bir \u015fekilde top ve insans\u0131z hava ara\u00e7lar\u0131yla bombalad\u0131\u011f\u0131n\u0131 belirtirken bunu sonucundan vatanda\u015flar\u0131n evlerine, m\u00fclklerine ve kamu mallar\u0131na \u00f6nemli \u00f6l\u00e7\u00fcde maddi zarar verdi\u011fini ifade etti.<\/p>\n<p><a class=\"oajrlxb2 g5ia77u1 qu0x051f esr5mh6w e9989ue4 r7d6kgcz rq0escxv nhd2j8a9 nc684nl6 p7hjln8o kvgmc6g5 cxmmr5t8 oygrvhab hcukyx3x jb3vyjys rz4wbd8a qt6c0cv9 a8nywdso i1ao9s8h esuyzwwr f1sip0of lzcic4wl gpro0wi8 q66pz984 b1v8xokw\" tabindex=\"0\" role=\"link\" href=\"https:\/\/www.facebook.com\/hashtag\/telegram_kanal%C4%B1m%C4%B1z?__eep__=6&amp;__cft__[0]=AZVYX-dbnXKg6y5c7QvZR3HUS-y9D2K1bfjVwkdUeL6dKgUuIdF3iGQ22hwnBsGPtaOcbkiimmoGTdeAPRh1LoM99e19MkKt0XTqFWNIlUC8uQRM9JMg6dcTfb-4ITOh7vlivwyV-Z6yUmmuHawHoPIv&amp;__tn__=*NK-R\">#Telegram_Kanal\u0131m\u0131z<\/a>: <a class=\"oajrlxb2 g5ia77u1 qu0x051f esr5mh6w e9989ue4 r7d6kgcz rq0escxv nhd2j8a9 nc684nl6 p7hjln8o kvgmc6g5 cxmmr5t8 oygrvhab hcukyx3x jb3vyjys rz4wbd8a qt6c0cv9 a8nywdso i1ao9s8h esuyzwwr f1sip0of lzcic4wl gpro0wi8 py34i1dx\" tabindex=\"0\" role=\"link\" href=\"https:\/\/l.facebook.com\/l.php?u=https%3A%2F%2Ft.me%2FSuriyeArapHaberAjansI%3Ffbclid%3DIwAR2elF4ByfhbepOyz2-8EpRF8tkyDEjtcynTXMr2YfUEwC-4uq7b2kwjBWU&amp;h=AT1PSAB4fBA6loSAUKapL-q_86I_JQdgf_h0XMfmGALig4wnraScjbMZN0Bmn6wmmwRpx2XvIyYL0QbQDaRPJUeJvWt56hSXQwZE3BTRIBPHP8mYAAX25yFR-mcB4nuvOFo&amp;__tn__=-UK-R&amp;c[0]=AT2qhh-1o72WDwwc-FnQ-5A6N7mMkD424bPTD8ZemgG1co4xGBj0Q4lDgh3aNnb34q9cv6UDgtZ8Ad7ucro1YsxJuNCzw2LmaKs0-o5HR6HGFJtzihQo2lShyf5-56aa9OlnM4MBiVbnlK45Oa_PI_i3VZE9Vd1yNS1Bf-WVv4s86Q\" target=\"_blank\" rel=\"nofollow noopener\">https:\/\/t.me\/SuriyeArapHaberAjansI<\/a><\/p>\n","protected":false},"excerpt":{"rendered":"<p>HASAKE \u2013 T\u00fcrk i\u015fgal g\u00fc\u00e7leri bug\u00fcn Haseke&#8217;nin kuzeybat\u0131 k\u0131rsal\u0131ndaki Ebu Raseyn beldesi ve k\u00f6ylerine y\u00f6nelik sald\u0131r\u0131lar\u0131n\u0131 yeniledi. SANA Muhabiri, T\u00fcrk i\u015fgal g\u00fc\u00e7lerinin Ebu Rasin beldesi ve k\u00f6ylerini yo\u011fun bir \u015fekilde top ve insans\u0131z hava ara\u00e7lar\u0131yla bombalad\u0131\u011f\u0131n\u0131 belirtirken bunu sonucundan vatanda\u015flar\u0131n evlerine, m\u00fclklerine ve kamu mallar\u0131na \u00f6nemli \u00f6l\u00e7\u00fcde maddi zarar verdi\u011fini ifade etti. #Telegram_Kanal\u0131m\u0131z: https:\/\/t.me\/SuriyeArapHaberAjansI<\/p>\n","protected":false},"author":39,"featured_media":253327,"comment_status":"closed","ping_status":"closed","sticky":false,"template":"","format":"standard","meta":{"footnotes":""},"categories":[479,575,17988,478],"tags":[],"class_list":["post-253326","post","type-post","status-publish","format-standard","has-post-thumbnail","","category-haberler-yerel","category-olaylar-ve-gercekler","category-son-haberler","category-yerel"],"_links":{"self":[{"href":"https:\/\/archive.sana.sy\/tr\/index.php?rest_route=\/wp\/v2\/posts\/253326","targetHints":{"allow":["GET"]}}],"collection":[{"href":"https:\/\/archive.sana.sy\/tr\/index.php?rest_route=\/wp\/v2\/posts"}],"about":[{"href":"https:\/\/archive.sana.sy\/tr\/index.php?rest_route=\/wp\/v2\/types\/post"}],"author":[{"embeddable":true,"href":"https:\/\/archive.sana.sy\/tr\/index.php?rest_route=\/wp\/v2\/users\/39"}],"replies":[{"embeddable":true,"href":"https:\/\/archive.sana.sy\/tr\/index.php?rest_route=%2Fwp%2Fv2%2Fcomments&post=253326"}],"version-history":[{"count":0,"href":"https:\/\/archive.sana.sy\/tr\/index.php?rest_route=\/wp\/v2\/posts\/253326\/revisions"}],"wp:featuredmedia":[{"embeddable":true,"href":"https:\/\/archive.sana.sy\/tr\/index.php?rest_route=\/wp\/v2\/media\/253327"}],"wp:attachment":[{"href":"https:\/\/archive.sana.sy\/tr\/index.php?rest_route=%2Fwp%2Fv2%2Fmedia&parent=253326"}],"wp:term":[{"taxonomy":"category","embeddable":true,"href":"https:\/\/archive.sana.sy\/tr\/index.php?rest_route=%2Fwp%2Fv2%2Fcategories&post=253326"},{"taxonomy":"post_tag","embeddable":true,"href":"https:\/\/archive.sana.sy\/tr\/index.php?rest_route=%2Fwp%2Fv2%2Ftags&post=253326"}],"curies":[{"name":"wp","href":"https:\/\/api.w.org\/{rel}","templated":true}]}}