{"id":253330,"date":"2022-04-18T13:26:20","date_gmt":"2022-04-18T10:26:20","guid":{"rendered":"http:\/\/107.6.182.27\/tr\/?p=253330"},"modified":"2022-04-19T08:24:22","modified_gmt":"2022-04-19T05:24:22","slug":"donbassi-korumak-icin-rus-ozel-askeri-operasyonunda-54-gun","status":"publish","type":"post","link":"https:\/\/archive.sana.sy\/tr\/?p=253330","title":{"rendered":"Donbass\u2019\u0131 Korumak \u0130\u00e7in Rus \u00d6zel Askeri Operasyonunda 54. G\u00fcn"},"content":{"rendered":"<ul>\n<li>Rus Savunmas\u0131: Rus hava f\u00fczeleri 16 Ukrayna askeri tesisini, 5 komuta merkezi, bir yak\u0131t deposu ve 3 m\u00fchimmat deposunu imha etti.<\/li>\n<li>Rusya Savunma Bakanl\u0131\u011f\u0131: G\u00fc\u00e7lerimiz d\u00fcn gece 3 Ukraynal\u0131 MiG-29 ve Su-25 sava\u015f u\u00e7a\u011f\u0131n\u0131 d\u00fc\u015f\u00fcrd\u00fc<\/li>\n<\/ul>\n<p><a class=\"oajrlxb2 g5ia77u1 qu0x051f esr5mh6w e9989ue4 r7d6kgcz rq0escxv nhd2j8a9 nc684nl6 p7hjln8o kvgmc6g5 cxmmr5t8 oygrvhab hcukyx3x jb3vyjys rz4wbd8a qt6c0cv9 a8nywdso i1ao9s8h esuyzwwr f1sip0of lzcic4wl gpro0wi8 q66pz984 b1v8xokw\" tabindex=\"0\" role=\"link\" href=\"https:\/\/www.facebook.com\/hashtag\/telegram_kanal%C4%B1m%C4%B1z?__eep__=6&amp;__cft__[0]=AZVYX-dbnXKg6y5c7QvZR3HUS-y9D2K1bfjVwkdUeL6dKgUuIdF3iGQ22hwnBsGPtaOcbkiimmoGTdeAPRh1LoM99e19MkKt0XTqFWNIlUC8uQRM9JMg6dcTfb-4ITOh7vlivwyV-Z6yUmmuHawHoPIv&amp;__tn__=*NK-R\">#Telegram_Kanal\u0131m\u0131z<\/a>: <a class=\"oajrlxb2 g5ia77u1 qu0x051f esr5mh6w e9989ue4 r7d6kgcz rq0escxv nhd2j8a9 nc684nl6 p7hjln8o kvgmc6g5 cxmmr5t8 oygrvhab hcukyx3x jb3vyjys rz4wbd8a qt6c0cv9 a8nywdso i1ao9s8h esuyzwwr f1sip0of lzcic4wl gpro0wi8 py34i1dx\" tabindex=\"0\" role=\"link\" href=\"https:\/\/l.facebook.com\/l.php?u=https%3A%2F%2Ft.me%2FSuriyeArapHaberAjansI%3Ffbclid%3DIwAR2elF4ByfhbepOyz2-8EpRF8tkyDEjtcynTXMr2YfUEwC-4uq7b2kwjBWU&amp;h=AT1PSAB4fBA6loSAUKapL-q_86I_JQdgf_h0XMfmGALig4wnraScjbMZN0Bmn6wmmwRpx2XvIyYL0QbQDaRPJUeJvWt56hSXQwZE3BTRIBPHP8mYAAX25yFR-mcB4nuvOFo&amp;__tn__=-UK-R&amp;c[0]=AT2qhh-1o72WDwwc-FnQ-5A6N7mMkD424bPTD8ZemgG1co4xGBj0Q4lDgh3aNnb34q9cv6UDgtZ8Ad7ucro1YsxJuNCzw2LmaKs0-o5HR6HGFJtzihQo2lShyf5-56aa9OlnM4MBiVbnlK45Oa_PI_i3VZE9Vd1yNS1Bf-WVv4s86Q\" target=\"_blank\" rel=\"nofollow noopener\">https:\/\/t.me\/SuriyeArapHaberAjansI<\/a><\/p>\n","protected":false},"excerpt":{"rendered":"<p>Rus Savunmas\u0131: Rus hava f\u00fczeleri 16 Ukrayna askeri tesisini, 5 komuta merkezi, bir yak\u0131t deposu ve 3 m\u00fchimmat deposunu imha etti. Rusya Savunma Bakanl\u0131\u011f\u0131: G\u00fc\u00e7lerimiz d\u00fcn gece 3 Ukraynal\u0131 MiG-29 ve Su-25 sava\u015f u\u00e7a\u011f\u0131n\u0131 d\u00fc\u015f\u00fcrd\u00fc #Telegram_Kanal\u0131m\u0131z: https:\/\/t.me\/SuriyeArapHaberAjansI<\/p>\n","protected":false},"author":39,"featured_media":253335,"comment_status":"closed","ping_status":"closed","sticky":false,"template":"","format":"standard","meta":{"footnotes":""},"categories":[458,459,17988],"tags":[],"class_list":["post-253330","post","type-post","status-publish","format-standard","has-post-thumbnail","","category-dunya1","category-haberler-arap-uluslararasi-politika","category-son-haberler"],"_links":{"self":[{"href":"https:\/\/archive.sana.sy\/tr\/index.php?rest_route=\/wp\/v2\/posts\/253330","targetHints":{"allow":["GET"]}}],"collection":[{"href":"https:\/\/archive.sana.sy\/tr\/index.php?rest_route=\/wp\/v2\/posts"}],"about":[{"href":"https:\/\/archive.sana.sy\/tr\/index.php?rest_route=\/wp\/v2\/types\/post"}],"author":[{"embeddable":true,"href":"https:\/\/archive.sana.sy\/tr\/index.php?rest_route=\/wp\/v2\/users\/39"}],"replies":[{"embeddable":true,"href":"https:\/\/archive.sana.sy\/tr\/index.php?rest_route=%2Fwp%2Fv2%2Fcomments&post=253330"}],"version-history":[{"count":0,"href":"https:\/\/archive.sana.sy\/tr\/index.php?rest_route=\/wp\/v2\/posts\/253330\/revisions"}],"wp:featuredmedia":[{"embeddable":true,"href":"https:\/\/archive.sana.sy\/tr\/index.php?rest_route=\/wp\/v2\/media\/253335"}],"wp:attachment":[{"href":"https:\/\/archive.sana.sy\/tr\/index.php?rest_route=%2Fwp%2Fv2%2Fmedia&parent=253330"}],"wp:term":[{"taxonomy":"category","embeddable":true,"href":"https:\/\/archive.sana.sy\/tr\/index.php?rest_route=%2Fwp%2Fv2%2Fcategories&post=253330"},{"taxonomy":"post_tag","embeddable":true,"href":"https:\/\/archive.sana.sy\/tr\/index.php?rest_route=%2Fwp%2Fv2%2Ftags&post=253330"}],"curies":[{"name":"wp","href":"https:\/\/api.w.org\/{rel}","templated":true}]}}