{"id":253337,"date":"2022-04-18T13:32:34","date_gmt":"2022-04-18T10:32:34","guid":{"rendered":"http:\/\/107.6.182.27\/tr\/?p=253337"},"modified":"2022-04-19T08:21:06","modified_gmt":"2022-04-19T05:21:06","slug":"bati-yakada-6-filistinli-yaralandi-20den-fazla-kisi-tutuklandi","status":"publish","type":"post","link":"https:\/\/archive.sana.sy\/tr\/?p=253337","title":{"rendered":"Bat\u0131 Yaka&#8217;da 6 Filistinli Yaraland\u0131 20&#8217;den Fazla Ki\u015fi Tutukland\u0131"},"content":{"rendered":"<p>\u0130\u015eGAL ED\u0130LEN KUD\u00dcS \u2013 \u0130srail i\u015fgal g\u00fc\u00e7leri Bat\u0131 yaka&#8217;n\u0131n Cenin kentinin Al Yamoun beldesine bask\u0131n d\u00fczenlemesi sonucunda 2 Filistinli yaraland\u0131.<\/p>\n<p>WAFA Haber Ajans\u0131, i\u015fgal g\u00fc\u00e7lerinin beldeye bask\u0131n d\u00fczenleyerek Filistinlilere ate\u015f a\u00e7t\u0131\u011f\u0131n\u0131 bunu sonucunda da 2\u2019sini a\u011f\u0131r yaralad\u0131\u011f\u0131n\u0131 belirtti.<\/p>\n<p>\u0130srail i\u015fgal g\u00fc\u00e7lerinin Bat\u0131 Yaka&#8217;n\u0131n, Beytlahm ve Ramallah kentlerinin farkl\u0131 b\u00f6lgelerine bask\u0131n d\u00fczenlemesi s\u0131ras\u0131nda, 3 Filistinli yaraland\u0131 ve 13 ki\u015fi de tutukland\u0131.<\/p>\n<p>Ajans, i\u015fgal g\u00fc\u00e7lerinin Ramallah&#8217;\u0131n kuzeyindeki Al Mazraa Al \u011earbiyye, Kfar Ayn ve Karava Beni Zeyd k\u00f6ylerinde Filistinlilere y\u00f6nelik ate\u015f a\u00e7t\u0131\u011f\u0131n\u0131, 3 genci yaralad\u0131\u011f\u0131n\u0131 ve 4\u2019\u00fcn\u00fc tutuklad\u0131\u011f\u0131n\u0131 belirtti.<\/p>\n<p>\u0130\u015fgalci \u0130srail g\u00fc\u00e7leri ayr\u0131ca Beytlahm&#8217;daki Housan k\u00f6y\u00fcne bask\u0131n d\u00fczenledi, 9 Filistinliyi tutuklad\u0131.<\/p>\n<p>\u0130\u015fgal alt\u0131ndaki Kud\u00fcs kentinde de bu sabah \u0130srail i\u015fgal g\u00fc\u00e7lerinin kur\u015funlar\u0131yla, 1 Filistinli yaraland\u0131.<\/p>\n<p><a class=\"oajrlxb2 g5ia77u1 qu0x051f esr5mh6w e9989ue4 r7d6kgcz rq0escxv nhd2j8a9 nc684nl6 p7hjln8o kvgmc6g5 cxmmr5t8 oygrvhab hcukyx3x jb3vyjys rz4wbd8a qt6c0cv9 a8nywdso i1ao9s8h esuyzwwr f1sip0of lzcic4wl gpro0wi8 q66pz984 b1v8xokw\" tabindex=\"0\" role=\"link\" href=\"https:\/\/www.facebook.com\/hashtag\/telegram_kanal%C4%B1m%C4%B1z?__eep__=6&amp;__cft__[0]=AZVYX-dbnXKg6y5c7QvZR3HUS-y9D2K1bfjVwkdUeL6dKgUuIdF3iGQ22hwnBsGPtaOcbkiimmoGTdeAPRh1LoM99e19MkKt0XTqFWNIlUC8uQRM9JMg6dcTfb-4ITOh7vlivwyV-Z6yUmmuHawHoPIv&amp;__tn__=*NK-R\">#Telegram_Kanal\u0131m\u0131z<\/a>: <a class=\"oajrlxb2 g5ia77u1 qu0x051f esr5mh6w e9989ue4 r7d6kgcz rq0escxv nhd2j8a9 nc684nl6 p7hjln8o kvgmc6g5 cxmmr5t8 oygrvhab hcukyx3x jb3vyjys rz4wbd8a qt6c0cv9 a8nywdso i1ao9s8h esuyzwwr f1sip0of lzcic4wl gpro0wi8 py34i1dx\" tabindex=\"0\" role=\"link\" href=\"https:\/\/l.facebook.com\/l.php?u=https%3A%2F%2Ft.me%2FSuriyeArapHaberAjansI%3Ffbclid%3DIwAR2elF4ByfhbepOyz2-8EpRF8tkyDEjtcynTXMr2YfUEwC-4uq7b2kwjBWU&amp;h=AT1PSAB4fBA6loSAUKapL-q_86I_JQdgf_h0XMfmGALig4wnraScjbMZN0Bmn6wmmwRpx2XvIyYL0QbQDaRPJUeJvWt56hSXQwZE3BTRIBPHP8mYAAX25yFR-mcB4nuvOFo&amp;__tn__=-UK-R&amp;c[0]=AT2qhh-1o72WDwwc-FnQ-5A6N7mMkD424bPTD8ZemgG1co4xGBj0Q4lDgh3aNnb34q9cv6UDgtZ8Ad7ucro1YsxJuNCzw2LmaKs0-o5HR6HGFJtzihQo2lShyf5-56aa9OlnM4MBiVbnlK45Oa_PI_i3VZE9Vd1yNS1Bf-WVv4s86Q\" target=\"_blank\" rel=\"nofollow noopener\">https:\/\/t.me\/SuriyeArapHaberAjansI<\/a><\/p>\n","protected":false},"excerpt":{"rendered":"<p>\u0130\u015eGAL ED\u0130LEN KUD\u00dcS \u2013 \u0130srail i\u015fgal g\u00fc\u00e7leri Bat\u0131 yaka&#8217;n\u0131n Cenin kentinin Al Yamoun beldesine bask\u0131n d\u00fczenlemesi sonucunda 2 Filistinli yaraland\u0131. WAFA Haber Ajans\u0131, i\u015fgal g\u00fc\u00e7lerinin beldeye bask\u0131n d\u00fczenleyerek Filistinlilere ate\u015f a\u00e7t\u0131\u011f\u0131n\u0131 bunu sonucunda da 2\u2019sini a\u011f\u0131r yaralad\u0131\u011f\u0131n\u0131 belirtti. \u0130srail i\u015fgal g\u00fc\u00e7lerinin Bat\u0131 Yaka&#8217;n\u0131n, Beytlahm ve Ramallah kentlerinin farkl\u0131 b\u00f6lgelerine bask\u0131n d\u00fczenlemesi s\u0131ras\u0131nda, 3 Filistinli yaraland\u0131 &hellip;<\/p>\n","protected":false},"author":39,"featured_media":253338,"comment_status":"closed","ping_status":"closed","sticky":false,"template":"","format":"standard","meta":{"footnotes":""},"categories":[458,459,17988],"tags":[],"class_list":["post-253337","post","type-post","status-publish","format-standard","has-post-thumbnail","","category-dunya1","category-haberler-arap-uluslararasi-politika","category-son-haberler"],"_links":{"self":[{"href":"https:\/\/archive.sana.sy\/tr\/index.php?rest_route=\/wp\/v2\/posts\/253337","targetHints":{"allow":["GET"]}}],"collection":[{"href":"https:\/\/archive.sana.sy\/tr\/index.php?rest_route=\/wp\/v2\/posts"}],"about":[{"href":"https:\/\/archive.sana.sy\/tr\/index.php?rest_route=\/wp\/v2\/types\/post"}],"author":[{"embeddable":true,"href":"https:\/\/archive.sana.sy\/tr\/index.php?rest_route=\/wp\/v2\/users\/39"}],"replies":[{"embeddable":true,"href":"https:\/\/archive.sana.sy\/tr\/index.php?rest_route=%2Fwp%2Fv2%2Fcomments&post=253337"}],"version-history":[{"count":0,"href":"https:\/\/archive.sana.sy\/tr\/index.php?rest_route=\/wp\/v2\/posts\/253337\/revisions"}],"wp:featuredmedia":[{"embeddable":true,"href":"https:\/\/archive.sana.sy\/tr\/index.php?rest_route=\/wp\/v2\/media\/253338"}],"wp:attachment":[{"href":"https:\/\/archive.sana.sy\/tr\/index.php?rest_route=%2Fwp%2Fv2%2Fmedia&parent=253337"}],"wp:term":[{"taxonomy":"category","embeddable":true,"href":"https:\/\/archive.sana.sy\/tr\/index.php?rest_route=%2Fwp%2Fv2%2Fcategories&post=253337"},{"taxonomy":"post_tag","embeddable":true,"href":"https:\/\/archive.sana.sy\/tr\/index.php?rest_route=%2Fwp%2Fv2%2Ftags&post=253337"}],"curies":[{"name":"wp","href":"https:\/\/api.w.org\/{rel}","templated":true}]}}