{"id":253342,"date":"2022-04-18T18:58:42","date_gmt":"2022-04-18T15:58:42","guid":{"rendered":"http:\/\/107.6.182.27\/tr\/?p=253342"},"modified":"2022-04-19T13:59:03","modified_gmt":"2022-04-19T10:59:03","slug":"cumhurbaskani-esad-siber-suclarla-ilgili-yasa-cikardi","status":"publish","type":"post","link":"https:\/\/archive.sana.sy\/tr\/?p=253342","title":{"rendered":"Cumhurba\u015fkan\u0131 Esad Siber Su\u00e7larla \u0130lgili Yasa \u00c7\u0131kard\u0131"},"content":{"rendered":"<p style=\"text-align: justify;\">\u015eAM &#8211; Cumhurba\u015fkan\u0131 Be\u015f\u015far Esad, 2012 y\u0131l\u0131 17 Say\u0131l\u0131 Kanun H\u00fckm\u00fcnde Kararnamede yer alan bilgi su\u00e7lar\u0131na ili\u015fkin ceza hukuku kurallar\u0131n\u0131 yeniden d\u00fczenleyen 2022 y\u0131l\u0131 20 Say\u0131l\u0131 Kanun&#8217;u \u00e7\u0131kard\u0131.<\/p>\n<p style=\"text-align: justify;\">Kanun, teknolojik geli\u015fme ve toplumda yay\u0131lma h\u0131z\u0131n\u0131n y\u00fcksek olmas\u0131 do\u011frultusunda bili\u015fim su\u00e7lar\u0131yla m\u00fccadele etmeyi, hukuki menfaatleri korumay\u0131, sanal d\u00fcnyada \u00f6zg\u00fcrl\u00fckleri d\u00fczenlemeyi ve teknik ara\u00e7lar\u0131n k\u00f6t\u00fcye kullan\u0131m\u0131n\u0131n s\u0131n\u0131rland\u0131r\u0131lmas\u0131n\u0131 ama\u00e7lamaktad\u0131r.<\/p>\n","protected":false},"excerpt":{"rendered":"<p>\u015eAM &#8211; Cumhurba\u015fkan\u0131 Be\u015f\u015far Esad, 2012 y\u0131l\u0131 17 Say\u0131l\u0131 Kanun H\u00fckm\u00fcnde Kararnamede yer alan bilgi su\u00e7lar\u0131na ili\u015fkin ceza hukuku kurallar\u0131n\u0131 yeniden d\u00fczenleyen 2022 y\u0131l\u0131 20 Say\u0131l\u0131 Kanun&#8217;u \u00e7\u0131kard\u0131. Kanun, teknolojik geli\u015fme ve toplumda yay\u0131lma h\u0131z\u0131n\u0131n y\u00fcksek olmas\u0131 do\u011frultusunda bili\u015fim su\u00e7lar\u0131yla m\u00fccadele etmeyi, hukuki menfaatleri korumay\u0131, sanal d\u00fcnyada \u00f6zg\u00fcrl\u00fckleri d\u00fczenlemeyi ve teknik ara\u00e7lar\u0131n k\u00f6t\u00fcye kullan\u0131m\u0131n\u0131n s\u0131n\u0131rland\u0131r\u0131lmas\u0131n\u0131 &hellip;<\/p>\n","protected":false},"author":1,"featured_media":253343,"comment_status":"closed","ping_status":"closed","sticky":false,"template":"","format":"standard","meta":{"footnotes":""},"categories":[605,17988,612,599],"tags":[],"class_list":["post-253342","post","type-post","status-publish","format-standard","has-post-thumbnail","","category-sayin-cumhurbaskani","category-son-haberler","category-yasama-kararnameler","category-yasama-ve-kanunlar"],"_links":{"self":[{"href":"https:\/\/archive.sana.sy\/tr\/index.php?rest_route=\/wp\/v2\/posts\/253342","targetHints":{"allow":["GET"]}}],"collection":[{"href":"https:\/\/archive.sana.sy\/tr\/index.php?rest_route=\/wp\/v2\/posts"}],"about":[{"href":"https:\/\/archive.sana.sy\/tr\/index.php?rest_route=\/wp\/v2\/types\/post"}],"author":[{"embeddable":true,"href":"https:\/\/archive.sana.sy\/tr\/index.php?rest_route=\/wp\/v2\/users\/1"}],"replies":[{"embeddable":true,"href":"https:\/\/archive.sana.sy\/tr\/index.php?rest_route=%2Fwp%2Fv2%2Fcomments&post=253342"}],"version-history":[{"count":0,"href":"https:\/\/archive.sana.sy\/tr\/index.php?rest_route=\/wp\/v2\/posts\/253342\/revisions"}],"wp:featuredmedia":[{"embeddable":true,"href":"https:\/\/archive.sana.sy\/tr\/index.php?rest_route=\/wp\/v2\/media\/253343"}],"wp:attachment":[{"href":"https:\/\/archive.sana.sy\/tr\/index.php?rest_route=%2Fwp%2Fv2%2Fmedia&parent=253342"}],"wp:term":[{"taxonomy":"category","embeddable":true,"href":"https:\/\/archive.sana.sy\/tr\/index.php?rest_route=%2Fwp%2Fv2%2Fcategories&post=253342"},{"taxonomy":"post_tag","embeddable":true,"href":"https:\/\/archive.sana.sy\/tr\/index.php?rest_route=%2Fwp%2Fv2%2Ftags&post=253342"}],"curies":[{"name":"wp","href":"https:\/\/api.w.org\/{rel}","templated":true}]}}