{"id":253346,"date":"2022-04-18T19:08:22","date_gmt":"2022-04-18T16:08:22","guid":{"rendered":"http:\/\/107.6.182.27\/tr\/?p=253346"},"modified":"2022-04-20T08:09:43","modified_gmt":"2022-04-20T05:09:43","slug":"haseke-ve-kamislidaki-yasam-kosullari-dsg-milislerinin-onuncu-gunde-kusatmalari-devam-ederken-daha-da-kotulesiyor","status":"publish","type":"post","link":"https:\/\/archive.sana.sy\/tr\/?p=253346","title":{"rendered":"Haseke ve Kam\u0131\u015fl\u0131&#8217;daki Ya\u015fam Ko\u015fullar\u0131, DSG Milislerinin Onuncu G\u00fcnde Ku\u015fatmalar\u0131 Devam Ederken Daha Da K\u00f6t\u00fcle\u015fiyor"},"content":{"rendered":"<p style=\"text-align: justify;\">HASEKE &#8211; Haseke halk\u0131n\u0131n insani ve ya\u015fam ko\u015fullar\u0131, onuncu g\u00fcn\u00fcne giren Amerikan i\u015fgaline ba\u011fl\u0131 &#8220;DSG&#8221; milislerinin ku\u015fatmas\u0131 ve insanlar\u0131n ge\u00e7im ihtiya\u00e7lar\u0131n\u0131n giri\u015fini engellemesiyle daha da k\u00f6t\u00fcle\u015fti.<\/p>\n<p style=\"text-align: justify;\">SANA muhabiri, &#8220;DSG&#8221; milislerinin ila\u00e7 giri\u015fini engellemesinin yan\u0131 s\u0131ra, marketlerde bir\u00e7ok malzeme kayb\u0131na yol a\u00e7arak g\u0131da, sebze ve yemek malzemeleri ba\u015fta olmak \u00fczere temel malzemelerin halka giri\u015fini engellemeye devam etti\u011fini belirterek, sa\u011fl\u0131k ocaklar\u0131 ve eczanelerin, \u015fehrin b\u00fcy\u00fck kesimlerinde devam eden elektrik kesintilerine paralel olarak akaryak\u0131t giri\u015finin engellenmesi nedeniyle \u00f6zel jenerat\u00f6rlerin bile \u00e7al\u0131\u015ft\u0131r\u0131lamaz hale geldi\u011fini s\u00f6yledi.<\/p>\n<p style=\"text-align: justify;\">Milislerin f\u0131r\u0131nlar\u0131 i\u015fletmek i\u00e7in un ve akaryak\u0131t giri\u015fini yasaklamas\u0131 sonucu kamu ve \u00f6zel f\u0131r\u0131nlar\u0131n \u00fcretimi durdurmas\u0131n\u0131n ard\u0131ndan, \u00f6zellikle ilk Haseke f\u0131r\u0131n\u0131 ba\u015fta olmak \u00fczere, ekmek temininde de halk\u0131n \u00e7ilesi devam etti, mahallelere, ana caddelere ve ev tanklar\u0131na, \u00f6zellikle de su pompalama yetersizli\u011finden muzdarip olanlara, i\u00e7me suyu depolar\u0131n\u0131n girmesini engelledi.<\/p>\n<p style=\"text-align: justify;\">\u0130ldeki f\u0131r\u0131nlar \u015fubesi m\u00fcd\u00fcr\u00fc Abdullah Al Hasr, SANA muhabirine yapt\u0131\u011f\u0131 a\u00e7\u0131klamada, Haseke&#8217;deki \u00fc\u00e7 \u00fcretim hatt\u0131yla g\u00fcnl\u00fck 30 ton \u00fcretim kapasitesine sahip ilk f\u0131r\u0131n\u0131n ask\u0131ya al\u0131nmaya devam etti\u011fini ve \u00fcretimin durduruldu\u011funu belirterek, artan talep \u00fczerine il halk\u0131n\u0131n ekmekten mahrum b\u0131rak\u0131ld\u0131\u011f\u0131, ayn\u0131 durumun milislerin kontrol\u00fcndeki Kam\u0131\u015fl\u0131 kentindeki Al Baas f\u0131r\u0131n\u0131 i\u00e7in de ge\u00e7erli oldu\u011funu, un ve i\u015f\u00e7i giri\u015fini engelledi\u011fini belirtti.<\/p>\n<p style=\"text-align: justify;\">\u0130hlalleri ba\u011flam\u0131nda, &#8220;DSG&#8221; milisleri Kam\u0131\u015fl\u0131 kentindeki sald\u0131r\u0131lar\u0131n\u0131 art\u0131rd\u0131 ve Al Kuvvatli kav\u015fa\u011f\u0131n\u0131 i\u015fgal ederek N\u00fcfus Dairesi, Adalet Saray\u0131, Tar\u0131m Bakanl\u0131\u011f\u0131, Teknik Hizmetler&#8217;i i\u00e7eren h\u00fck\u00fcmet kompleksine ula\u015ft\u0131, Su ve Baas f\u0131r\u0131n\u0131na el koymaya devam etmesine ek olarak, \u00e7al\u0131\u015fmas\u0131n\u0131 engelliyor ve halk\u0131 ekmekten mahrum b\u0131rak\u0131yor.<\/p>\n<p style=\"text-align: justify;\">Bu ay\u0131n dokuzunda, &#8220;DSG&#8221; milisleri, \u015fehirdeki Sosyal G\u00fcvenlik ve \u00c7al\u0131\u015fma binas\u0131n\u0131 ele ge\u00e7irdikten g\u00fcnler sonra, Haseke kentine temel malzemelerin giri\u015fini engellemek ve vatanda\u015flar\u0131 ge\u00e7im kayna\u011f\u0131ndan yoksun b\u0131rakmak amac\u0131yla, Kam\u0131\u015fl\u0131 kentindeki Baas f\u0131r\u0131n\u0131n\u0131 bast\u0131 ve i\u015f\u00e7ileri oradan kovdu ve kentin merkezinde ku\u015fatmas\u0131na devam etti.<\/p>\n","protected":false},"excerpt":{"rendered":"<p>HASEKE &#8211; Haseke halk\u0131n\u0131n insani ve ya\u015fam ko\u015fullar\u0131, onuncu g\u00fcn\u00fcne giren Amerikan i\u015fgaline ba\u011fl\u0131 &#8220;DSG&#8221; milislerinin ku\u015fatmas\u0131 ve insanlar\u0131n ge\u00e7im ihtiya\u00e7lar\u0131n\u0131n giri\u015fini engellemesiyle daha da k\u00f6t\u00fcle\u015fti. SANA muhabiri, &#8220;DSG&#8221; milislerinin ila\u00e7 giri\u015fini engellemesinin yan\u0131 s\u0131ra, marketlerde bir\u00e7ok malzeme kayb\u0131na yol a\u00e7arak g\u0131da, sebze ve yemek malzemeleri ba\u015fta olmak \u00fczere temel malzemelerin halka giri\u015fini engellemeye devam &hellip;<\/p>\n","protected":false},"author":1,"featured_media":253347,"comment_status":"closed","ping_status":"closed","sticky":false,"template":"","format":"standard","meta":{"footnotes":""},"categories":[479,17988,478],"tags":[],"class_list":["post-253346","post","type-post","status-publish","format-standard","has-post-thumbnail","","category-haberler-yerel","category-son-haberler","category-yerel"],"_links":{"self":[{"href":"https:\/\/archive.sana.sy\/tr\/index.php?rest_route=\/wp\/v2\/posts\/253346","targetHints":{"allow":["GET"]}}],"collection":[{"href":"https:\/\/archive.sana.sy\/tr\/index.php?rest_route=\/wp\/v2\/posts"}],"about":[{"href":"https:\/\/archive.sana.sy\/tr\/index.php?rest_route=\/wp\/v2\/types\/post"}],"author":[{"embeddable":true,"href":"https:\/\/archive.sana.sy\/tr\/index.php?rest_route=\/wp\/v2\/users\/1"}],"replies":[{"embeddable":true,"href":"https:\/\/archive.sana.sy\/tr\/index.php?rest_route=%2Fwp%2Fv2%2Fcomments&post=253346"}],"version-history":[{"count":0,"href":"https:\/\/archive.sana.sy\/tr\/index.php?rest_route=\/wp\/v2\/posts\/253346\/revisions"}],"wp:featuredmedia":[{"embeddable":true,"href":"https:\/\/archive.sana.sy\/tr\/index.php?rest_route=\/wp\/v2\/media\/253347"}],"wp:attachment":[{"href":"https:\/\/archive.sana.sy\/tr\/index.php?rest_route=%2Fwp%2Fv2%2Fmedia&parent=253346"}],"wp:term":[{"taxonomy":"category","embeddable":true,"href":"https:\/\/archive.sana.sy\/tr\/index.php?rest_route=%2Fwp%2Fv2%2Fcategories&post=253346"},{"taxonomy":"post_tag","embeddable":true,"href":"https:\/\/archive.sana.sy\/tr\/index.php?rest_route=%2Fwp%2Fv2%2Ftags&post=253346"}],"curies":[{"name":"wp","href":"https:\/\/api.w.org\/{rel}","templated":true}]}}