{"id":253349,"date":"2022-04-18T19:14:35","date_gmt":"2022-04-18T16:14:35","guid":{"rendered":"http:\/\/107.6.182.27\/tr\/?p=253349"},"modified":"2022-04-20T08:09:55","modified_gmt":"2022-04-20T05:09:55","slug":"haseke-valisi-geri-donusleri-ve-hizmetlerin-artirilmasi-icin-unhcr-heyetiyle-isbirligini-gorustu","status":"publish","type":"post","link":"https:\/\/archive.sana.sy\/tr\/?p=253349","title":{"rendered":"Haseke Valisi, Geri D\u00f6n\u00fc\u015fleri Ve Hizmetlerin Art\u0131r\u0131lmas\u0131 \u0130\u00e7in UNHCR Heyetiyle \u0130\u015fbirli\u011fini G\u00f6r\u00fc\u015ft\u00fc"},"content":{"rendered":"<p style=\"text-align: justify;\">HASEKE &#8211; Haseke Valisi Gassan Halil, Marat Atamuradov ba\u015fkanl\u0131\u011f\u0131ndaki Birle\u015fmi\u015f Milletler Suriye&#8217;deki M\u00fclteciler Y\u00fcksek Komiserli\u011fi heyetiyle yapt\u0131\u011f\u0131 g\u00f6r\u00fc\u015fmede, &#8220;DSG&#8221; milislerinin Haseke ve Kam\u0131\u015fl\u0131 halk\u0131na uygulad\u0131\u011f\u0131 ku\u015fatma ve bunun engellenmesinin \u00f6nlenmesi gerekti\u011fini belirterek, un, f\u0131r\u0131n yak\u0131t\u0131, g\u0131da maddeleri, ila\u00e7 ve su tankerleri getirmenin engellenmesinin insanl\u0131k su\u00e7u oldu\u011funu belirtti.<\/p>\n<p style=\"text-align: justify;\">\u0130lden sivil aktivistlerin kat\u0131ld\u0131\u011f\u0131 toplant\u0131da Halil, Suriyeli m\u00fcltecilerin onurlu bir \u015fekilde anavatanlar\u0131na d\u00f6n\u00fc\u015f\u00fcn\u00fc sa\u011flamak, yeniden in\u015fas\u0131na kat\u0131lmak ve devletin, Suriye halk\u0131 ve onlar\u0131n insani ac\u0131lar\u0131n\u0131 hafifletmek \u00fclkeye dayat\u0131lan haks\u0131z ku\u015fatmay\u0131 a\u015fma \u00e7abalar\u0131n\u0131 desteklemek i\u00e7in s\u00fcrekli i\u015fbirli\u011finin gereklili\u011fine dikkat \u00e7ekti.<\/p>\n<p style=\"text-align: justify;\">Halil, valili\u011fin Haseke&#8217;deki BMMYK ofisi ile insani yard\u0131m \u00e7al\u0131\u015fmalar\u0131n\u0131 en \u00fcst d\u00fczeyde y\u00fcr\u00fctmek i\u00e7in i\u015fbirli\u011fi yapmaya devam etti\u011fine dikkat \u00e7ekerek, komisyonun \u00e7al\u0131\u015fmalar\u0131na t\u00fcm tarafs\u0131zl\u0131k i\u00e7inde devam etmesi ve baz\u0131 taraflar\u0131n dayatmaya \u00e7al\u0131\u015ft\u0131\u011f\u0131 siyasalla\u015ft\u0131rmadan ka\u00e7\u0131nmas\u0131 \u00e7a\u011fr\u0131s\u0131nda bulundu.<\/p>\n<p style=\"text-align: justify;\">Kat\u0131l\u0131mc\u0131lar\u0131n talepleri, Alluk su istasyonunun \u00e7al\u0131\u015fmas\u0131n\u0131n g\u00fcvence alt\u0131na al\u0131nmas\u0131 ve su pompalayarak \u00e7al\u0131\u015fmalar\u0131n devam etmesini sa\u011flamak i\u00e7in bak\u0131m at\u00f6lyeleri ve alternatiflerinin bulunmas\u0131na ve tank say\u0131s\u0131n\u0131 art\u0131rarak i\u00e7me suyunun g\u00fcvenli\u011finin sa\u011flanmas\u0131 i\u00e7in acil durum \u00e7abalar\u0131na destek verilmesine ve doldurma s\u00fcreleri ve y\u00fczey kuyular\u0131n\u0131n kaz\u0131lmas\u0131 ve haz\u0131rlanmas\u0131na odakland\u0131.<\/p>\n<p style=\"text-align: justify;\">Ayr\u0131ca, \u00e7ocuklar i\u00e7in k\u00fcv\u00f6z, oksijen \u00fcretim istasyonu, t\u00fcpler ve acil ila\u00e7lar gibi modernize edilmi\u015f t\u0131p merkezi i\u00e7in gerekli ihtiya\u00e7lar\u0131n kar\u015f\u0131lanmas\u0131 ve elektrik jenerat\u00f6rlerinin temini, \u00fcretim hatlar\u0131n\u0131n bak\u0131m\u0131 ve erzak ekmek temini konular\u0131nda \u00e7al\u0131\u015fmalar yapman\u0131n yan\u0131 s\u0131ra, Hay\u0131r kurumlar\u0131yla ortakla\u015fa yap\u0131lan ameliyatlar, tahliller, g\u00f6r\u00fcnt\u00fcler ve r\u00f6ntgenler \u015feklinde sunulan sa\u011fl\u0131k proje ve hizmetlerinin say\u0131s\u0131n\u0131n art\u0131r\u0131lmas\u0131, g\u0131da ve ayni sepetlerinin say\u0131s\u0131n\u0131n art\u0131r\u0131lmas\u0131 ve bunun i\u00e7in \u00e7al\u0131\u015fmalar yap\u0131lmas\u0131 \u00e7a\u011fr\u0131s\u0131nda bulundular.<\/p>\n","protected":false},"excerpt":{"rendered":"<p>HASEKE &#8211; Haseke Valisi Gassan Halil, Marat Atamuradov ba\u015fkanl\u0131\u011f\u0131ndaki Birle\u015fmi\u015f Milletler Suriye&#8217;deki M\u00fclteciler Y\u00fcksek Komiserli\u011fi heyetiyle yapt\u0131\u011f\u0131 g\u00f6r\u00fc\u015fmede, &#8220;DSG&#8221; milislerinin Haseke ve Kam\u0131\u015fl\u0131 halk\u0131na uygulad\u0131\u011f\u0131 ku\u015fatma ve bunun engellenmesinin \u00f6nlenmesi gerekti\u011fini belirterek, un, f\u0131r\u0131n yak\u0131t\u0131, g\u0131da maddeleri, ila\u00e7 ve su tankerleri getirmenin engellenmesinin insanl\u0131k su\u00e7u oldu\u011funu belirtti. \u0130lden sivil aktivistlerin kat\u0131ld\u0131\u011f\u0131 toplant\u0131da Halil, Suriyeli m\u00fcltecilerin &hellip;<\/p>\n","protected":false},"author":1,"featured_media":253350,"comment_status":"closed","ping_status":"closed","sticky":false,"template":"","format":"standard","meta":{"footnotes":""},"categories":[479,17988,478],"tags":[],"class_list":["post-253349","post","type-post","status-publish","format-standard","has-post-thumbnail","","category-haberler-yerel","category-son-haberler","category-yerel"],"_links":{"self":[{"href":"https:\/\/archive.sana.sy\/tr\/index.php?rest_route=\/wp\/v2\/posts\/253349","targetHints":{"allow":["GET"]}}],"collection":[{"href":"https:\/\/archive.sana.sy\/tr\/index.php?rest_route=\/wp\/v2\/posts"}],"about":[{"href":"https:\/\/archive.sana.sy\/tr\/index.php?rest_route=\/wp\/v2\/types\/post"}],"author":[{"embeddable":true,"href":"https:\/\/archive.sana.sy\/tr\/index.php?rest_route=\/wp\/v2\/users\/1"}],"replies":[{"embeddable":true,"href":"https:\/\/archive.sana.sy\/tr\/index.php?rest_route=%2Fwp%2Fv2%2Fcomments&post=253349"}],"version-history":[{"count":0,"href":"https:\/\/archive.sana.sy\/tr\/index.php?rest_route=\/wp\/v2\/posts\/253349\/revisions"}],"wp:featuredmedia":[{"embeddable":true,"href":"https:\/\/archive.sana.sy\/tr\/index.php?rest_route=\/wp\/v2\/media\/253350"}],"wp:attachment":[{"href":"https:\/\/archive.sana.sy\/tr\/index.php?rest_route=%2Fwp%2Fv2%2Fmedia&parent=253349"}],"wp:term":[{"taxonomy":"category","embeddable":true,"href":"https:\/\/archive.sana.sy\/tr\/index.php?rest_route=%2Fwp%2Fv2%2Fcategories&post=253349"},{"taxonomy":"post_tag","embeddable":true,"href":"https:\/\/archive.sana.sy\/tr\/index.php?rest_route=%2Fwp%2Fv2%2Ftags&post=253349"}],"curies":[{"name":"wp","href":"https:\/\/api.w.org\/{rel}","templated":true}]}}