{"id":253353,"date":"2022-04-18T19:39:40","date_gmt":"2022-04-18T16:39:40","guid":{"rendered":"http:\/\/107.6.182.27\/tr\/?p=253353"},"modified":"2022-04-20T08:10:03","modified_gmt":"2022-04-20T05:10:03","slug":"hasekede-iki-koy-ahalisi-amerikan-isgal-gucleri-konvoyunu-kovdu","status":"publish","type":"post","link":"https:\/\/archive.sana.sy\/tr\/?p=253353","title":{"rendered":"Haseke&#8217;de \u0130ki K\u00f6y Ahalisi, Amerikan \u0130\u015fgal G\u00fc\u00e7leri Konvoyunu Kovdu"},"content":{"rendered":"<p style=\"text-align: justify;\">HASEKE &#8211; Haseke k\u0131rsal\u0131ndaki Dadu\u015fiye ve \u015eerko k\u00f6y sakinleri, Suriye Arap Ordusu kontrol noktas\u0131n\u0131n deste\u011fiyle Amerikan i\u015fgal g\u00fc\u00e7lerine ait bir konvoyu durdurarak b\u00f6lgeden kovdu.<\/p>\n<p style=\"text-align: justify;\">Kam\u0131\u015fl\u0131 k\u0131rsal\u0131ndan yerel kaynaklar SANA muhabirine verdi\u011fi deme\u00e7te, Amerikan i\u015fgal kuvvetlerine ait 4 z\u0131rhl\u0131 ara\u00e7tan olu\u015fan ve beraberinde &#8220;DSG&#8221; milislerine ait bir ara\u00e7tan olu\u015fan bir konvoyun El Dadu\u015fiye k\u00f6y\u00fcn\u00fc ge\u00e7erek uluslararas\u0131 karayoluna ula\u015fmaya \u00e7al\u0131\u015ft\u0131\u011f\u0131n\u0131, ancak K\u00f6y ahalisinin ordu kontrol noktas\u0131 deste\u011fiyle geldikleri yere do\u011fru geri gitmeye mecbur ettiklerini s\u00f6yledi.<\/p>\n","protected":false},"excerpt":{"rendered":"<p>HASEKE &#8211; Haseke k\u0131rsal\u0131ndaki Dadu\u015fiye ve \u015eerko k\u00f6y sakinleri, Suriye Arap Ordusu kontrol noktas\u0131n\u0131n deste\u011fiyle Amerikan i\u015fgal g\u00fc\u00e7lerine ait bir konvoyu durdurarak b\u00f6lgeden kovdu. Kam\u0131\u015fl\u0131 k\u0131rsal\u0131ndan yerel kaynaklar SANA muhabirine verdi\u011fi deme\u00e7te, Amerikan i\u015fgal kuvvetlerine ait 4 z\u0131rhl\u0131 ara\u00e7tan olu\u015fan ve beraberinde &#8220;DSG&#8221; milislerine ait bir ara\u00e7tan olu\u015fan bir konvoyun El Dadu\u015fiye k\u00f6y\u00fcn\u00fc ge\u00e7erek uluslararas\u0131 &hellip;<\/p>\n","protected":false},"author":1,"featured_media":253354,"comment_status":"closed","ping_status":"closed","sticky":false,"template":"","format":"standard","meta":{"footnotes":""},"categories":[479,575,17988,478],"tags":[],"class_list":["post-253353","post","type-post","status-publish","format-standard","has-post-thumbnail","","category-haberler-yerel","category-olaylar-ve-gercekler","category-son-haberler","category-yerel"],"_links":{"self":[{"href":"https:\/\/archive.sana.sy\/tr\/index.php?rest_route=\/wp\/v2\/posts\/253353","targetHints":{"allow":["GET"]}}],"collection":[{"href":"https:\/\/archive.sana.sy\/tr\/index.php?rest_route=\/wp\/v2\/posts"}],"about":[{"href":"https:\/\/archive.sana.sy\/tr\/index.php?rest_route=\/wp\/v2\/types\/post"}],"author":[{"embeddable":true,"href":"https:\/\/archive.sana.sy\/tr\/index.php?rest_route=\/wp\/v2\/users\/1"}],"replies":[{"embeddable":true,"href":"https:\/\/archive.sana.sy\/tr\/index.php?rest_route=%2Fwp%2Fv2%2Fcomments&post=253353"}],"version-history":[{"count":0,"href":"https:\/\/archive.sana.sy\/tr\/index.php?rest_route=\/wp\/v2\/posts\/253353\/revisions"}],"wp:featuredmedia":[{"embeddable":true,"href":"https:\/\/archive.sana.sy\/tr\/index.php?rest_route=\/wp\/v2\/media\/253354"}],"wp:attachment":[{"href":"https:\/\/archive.sana.sy\/tr\/index.php?rest_route=%2Fwp%2Fv2%2Fmedia&parent=253353"}],"wp:term":[{"taxonomy":"category","embeddable":true,"href":"https:\/\/archive.sana.sy\/tr\/index.php?rest_route=%2Fwp%2Fv2%2Fcategories&post=253353"},{"taxonomy":"post_tag","embeddable":true,"href":"https:\/\/archive.sana.sy\/tr\/index.php?rest_route=%2Fwp%2Fv2%2Ftags&post=253353"}],"curies":[{"name":"wp","href":"https:\/\/api.w.org\/{rel}","templated":true}]}}