{"id":253412,"date":"2022-04-19T21:35:20","date_gmt":"2022-04-19T18:35:20","guid":{"rendered":"http:\/\/107.6.182.27\/tr\/?p=253412"},"modified":"2022-04-21T08:18:03","modified_gmt":"2022-04-21T05:18:03","slug":"kamisli-kirsali-mseyrfe-koy-ahalisi-amerikan-isgal-guclerinin-bir-konvoyunu-kovdu","status":"publish","type":"post","link":"https:\/\/archive.sana.sy\/tr\/?p=253412","title":{"rendered":"Kam\u0131\u015fl\u0131 K\u0131rsal\u0131 M\u015feyrfe K\u00f6y Ahalisi, Amerikan \u0130\u015fgal G\u00fc\u00e7lerinin Bir Konvoyunu Kovdu"},"content":{"rendered":"<p style=\"text-align: justify;\">HASEKE &#8211; Kam\u0131\u015fl\u0131 b\u00f6lgesindeki M\u015feyrfe k\u00f6y ahalisi, Suriye Arap Ordusu kontrol noktas\u0131n\u0131n deste\u011fiyle, k\u00f6y\u00fc uluslararas\u0131 (M4) karayoluna do\u011fru ge\u00e7meye \u00e7al\u0131\u015fan Amerikan i\u015fgal g\u00fc\u00e7lerine ait bir askeri konvoyla kar\u015f\u0131 kar\u015f\u0131ya geldi ve konvoyu b\u00f6lge d\u0131\u015f\u0131na kovdu.<\/p>\n<p style=\"text-align: justify;\">Yerel kaynaklar SANA muhabirine a\u00e7\u0131klamalar\u0131nda: &#8220;Amerikan i\u015fgal kuvvetlerine ait be\u015f z\u0131rhl\u0131 ara\u00e7tan olu\u015fan ve DSG milislerine ait bir (Pik-Up) kamyonet e\u015fli\u011finde Salihiye Harb k\u00f6y\u00fcne do\u011fru M\u015feyrfe k\u00f6y\u00fcne girmeye \u00e7al\u0131\u015ft\u0131\u011f\u0131n\u0131 ancak k\u00f6y ahalisinin konvoyu ta\u015flad\u0131klar\u0131n\u0131 ve b\u00f6lge d\u0131\u015f\u0131na kovduklar\u0131n\u0131&#8221; s\u00f6yledi.<\/p>\n<p>P.M<\/p>\n","protected":false},"excerpt":{"rendered":"<p>HASEKE &#8211; Kam\u0131\u015fl\u0131 b\u00f6lgesindeki M\u015feyrfe k\u00f6y ahalisi, Suriye Arap Ordusu kontrol noktas\u0131n\u0131n deste\u011fiyle, k\u00f6y\u00fc uluslararas\u0131 (M4) karayoluna do\u011fru ge\u00e7meye \u00e7al\u0131\u015fan Amerikan i\u015fgal g\u00fc\u00e7lerine ait bir askeri konvoyla kar\u015f\u0131 kar\u015f\u0131ya geldi ve konvoyu b\u00f6lge d\u0131\u015f\u0131na kovdu. Yerel kaynaklar SANA muhabirine a\u00e7\u0131klamalar\u0131nda: &#8220;Amerikan i\u015fgal kuvvetlerine ait be\u015f z\u0131rhl\u0131 ara\u00e7tan olu\u015fan ve DSG milislerine ait bir (Pik-Up) kamyonet &hellip;<\/p>\n","protected":false},"author":1,"featured_media":253413,"comment_status":"closed","ping_status":"closed","sticky":false,"template":"","format":"standard","meta":{"footnotes":""},"categories":[479,575,17988,478],"tags":[],"class_list":["post-253412","post","type-post","status-publish","format-standard","has-post-thumbnail","","category-haberler-yerel","category-olaylar-ve-gercekler","category-son-haberler","category-yerel"],"_links":{"self":[{"href":"https:\/\/archive.sana.sy\/tr\/index.php?rest_route=\/wp\/v2\/posts\/253412","targetHints":{"allow":["GET"]}}],"collection":[{"href":"https:\/\/archive.sana.sy\/tr\/index.php?rest_route=\/wp\/v2\/posts"}],"about":[{"href":"https:\/\/archive.sana.sy\/tr\/index.php?rest_route=\/wp\/v2\/types\/post"}],"author":[{"embeddable":true,"href":"https:\/\/archive.sana.sy\/tr\/index.php?rest_route=\/wp\/v2\/users\/1"}],"replies":[{"embeddable":true,"href":"https:\/\/archive.sana.sy\/tr\/index.php?rest_route=%2Fwp%2Fv2%2Fcomments&post=253412"}],"version-history":[{"count":0,"href":"https:\/\/archive.sana.sy\/tr\/index.php?rest_route=\/wp\/v2\/posts\/253412\/revisions"}],"wp:featuredmedia":[{"embeddable":true,"href":"https:\/\/archive.sana.sy\/tr\/index.php?rest_route=\/wp\/v2\/media\/253413"}],"wp:attachment":[{"href":"https:\/\/archive.sana.sy\/tr\/index.php?rest_route=%2Fwp%2Fv2%2Fmedia&parent=253412"}],"wp:term":[{"taxonomy":"category","embeddable":true,"href":"https:\/\/archive.sana.sy\/tr\/index.php?rest_route=%2Fwp%2Fv2%2Fcategories&post=253412"},{"taxonomy":"post_tag","embeddable":true,"href":"https:\/\/archive.sana.sy\/tr\/index.php?rest_route=%2Fwp%2Fv2%2Ftags&post=253412"}],"curies":[{"name":"wp","href":"https:\/\/api.w.org\/{rel}","templated":true}]}}