{"id":253418,"date":"2022-04-19T21:42:30","date_gmt":"2022-04-19T18:42:30","guid":{"rendered":"http:\/\/107.6.182.27\/tr\/?p=253418"},"modified":"2022-04-21T08:18:10","modified_gmt":"2022-04-21T05:18:10","slug":"uzlasma-sureci-suruyor-rakka-halep-ve-deyrezzorda-onlarca-kisi-katildi","status":"publish","type":"post","link":"https:\/\/archive.sana.sy\/tr\/?p=253418","title":{"rendered":"Uzla\u015fma S\u00fcreci S\u00fcr\u00fcyor.. Rakka, Halep Ve Deyrezzor&#8217;da Onlarca Ki\u015fi Kat\u0131ld\u0131"},"content":{"rendered":"<p style=\"text-align: justify;\">\u0130LLER &#8211; Deyrezzor, Rakka ve Halep&#8217;teki ilgili komiteler, aranan sivillerin, ka\u00e7aklar\u0131n ve kendi b\u00f6lgelerinde normal ya\u015famlar\u0131n\u0131 s\u00fcrd\u00fcrebilmek i\u00e7in zorunlu ve ihtiyat hizmetlerini yerine getiremeyenlerin durumlar\u0131n\u0131 d\u00fczeltmeye devam etti.<\/p>\n<p style=\"text-align: justify;\">SANA Deyrezzor muhabiri, binlerce vatanda\u015f\u0131n kat\u0131ld\u0131\u011f\u0131 Deyrezzor&#8217;daki \u0130\u015f\u00e7i Salonu merkezinde alt\u0131nc\u0131 ay\u0131na giren uzla\u015fma s\u00fcrecinin devam etti\u011fini bildirdi.<\/p>\n<p style=\"text-align: justify;\">Halep k\u0131rsal\u0131ndaki Hayyan ve Tel Aran merkezlerinde, uzla\u015fma heyetleri, kapsam\u0131na girenlerin bir k\u0131sm\u0131n\u0131 kar\u015f\u0131lad\u0131 ve yerlerinden edildikleri b\u00f6lgelerdeki evlerine d\u00f6n\u00fc\u015f haz\u0131rl\u0131klar\u0131 i\u00e7in kolay prosed\u00fcrler i\u00e7inde durumlar\u0131n\u0131 d\u00fczeltti.<\/p>\n<p style=\"text-align: justify;\">Rakka&#8217;da SANA muhabiri, aranan onlarca ki\u015finin aileleri, ileri gelenleri ve yetkili makamlarla i\u015fbirli\u011fi yaparak iki merkeze geldikten sonra durumlar\u0131n\u0131 d\u00fczenlemek i\u00e7in Sabha ve Debsi Afnan merkezlerine m\u00fcracaat ettiklerini ifade etti.<\/p>\n<p>P.M<\/p>\n","protected":false},"excerpt":{"rendered":"<p>\u0130LLER &#8211; Deyrezzor, Rakka ve Halep&#8217;teki ilgili komiteler, aranan sivillerin, ka\u00e7aklar\u0131n ve kendi b\u00f6lgelerinde normal ya\u015famlar\u0131n\u0131 s\u00fcrd\u00fcrebilmek i\u00e7in zorunlu ve ihtiyat hizmetlerini yerine getiremeyenlerin durumlar\u0131n\u0131 d\u00fczeltmeye devam etti. SANA Deyrezzor muhabiri, binlerce vatanda\u015f\u0131n kat\u0131ld\u0131\u011f\u0131 Deyrezzor&#8217;daki \u0130\u015f\u00e7i Salonu merkezinde alt\u0131nc\u0131 ay\u0131na giren uzla\u015fma s\u00fcrecinin devam etti\u011fini bildirdi. Halep k\u0131rsal\u0131ndaki Hayyan ve Tel Aran merkezlerinde, uzla\u015fma heyetleri, &hellip;<\/p>\n","protected":false},"author":1,"featured_media":253419,"comment_status":"closed","ping_status":"closed","sticky":false,"template":"","format":"standard","meta":{"footnotes":""},"categories":[479,17988,478],"tags":[],"class_list":["post-253418","post","type-post","status-publish","format-standard","has-post-thumbnail","","category-haberler-yerel","category-son-haberler","category-yerel"],"_links":{"self":[{"href":"https:\/\/archive.sana.sy\/tr\/index.php?rest_route=\/wp\/v2\/posts\/253418","targetHints":{"allow":["GET"]}}],"collection":[{"href":"https:\/\/archive.sana.sy\/tr\/index.php?rest_route=\/wp\/v2\/posts"}],"about":[{"href":"https:\/\/archive.sana.sy\/tr\/index.php?rest_route=\/wp\/v2\/types\/post"}],"author":[{"embeddable":true,"href":"https:\/\/archive.sana.sy\/tr\/index.php?rest_route=\/wp\/v2\/users\/1"}],"replies":[{"embeddable":true,"href":"https:\/\/archive.sana.sy\/tr\/index.php?rest_route=%2Fwp%2Fv2%2Fcomments&post=253418"}],"version-history":[{"count":0,"href":"https:\/\/archive.sana.sy\/tr\/index.php?rest_route=\/wp\/v2\/posts\/253418\/revisions"}],"wp:featuredmedia":[{"embeddable":true,"href":"https:\/\/archive.sana.sy\/tr\/index.php?rest_route=\/wp\/v2\/media\/253419"}],"wp:attachment":[{"href":"https:\/\/archive.sana.sy\/tr\/index.php?rest_route=%2Fwp%2Fv2%2Fmedia&parent=253418"}],"wp:term":[{"taxonomy":"category","embeddable":true,"href":"https:\/\/archive.sana.sy\/tr\/index.php?rest_route=%2Fwp%2Fv2%2Fcategories&post=253418"},{"taxonomy":"post_tag","embeddable":true,"href":"https:\/\/archive.sana.sy\/tr\/index.php?rest_route=%2Fwp%2Fv2%2Ftags&post=253418"}],"curies":[{"name":"wp","href":"https:\/\/api.w.org\/{rel}","templated":true}]}}