{"id":253443,"date":"2022-04-20T08:55:52","date_gmt":"2022-04-20T05:55:52","guid":{"rendered":"http:\/\/107.6.182.27\/tr\/?p=253443"},"modified":"2022-04-21T08:18:22","modified_gmt":"2022-04-21T05:18:22","slug":"israil-isgal-gucleri-bati-yakada-5-filistinliyi-tutukladi-6","status":"publish","type":"post","link":"https:\/\/archive.sana.sy\/tr\/?p=253443","title":{"rendered":"\u0130srail \u0130\u015fgal G\u00fc\u00e7leri, Bat\u0131 Yaka&#8217;da 5 Filistinliyi Tutuklad\u0131"},"content":{"rendered":"<p>\u0130\u015eGAL ED\u0130LEN KUD\u00dcS \u2013 \u0130srail i\u015fgal g\u00fc\u00e7leri Bat\u0131 yaka&#8217;n\u0131n farkl\u0131 b\u00f6lgelerinde 5 Filistinliyi tutuklad\u0131.<\/p>\n<p>WAFA Haber Ajans\u0131, i\u015fgal g\u00fc\u00e7lerinin, Nablus kentinin g\u00fcneyindeki Kafr Kelil k\u00f6y\u00fc, El Halil&#8217;deki El Kud\u00fcs Caddesi, Ramallah&#8217;\u0131n bat\u0131s\u0131ndaki Kebiya k\u00f6y\u00fc ve Beyt Lahim&#8217;in bat\u0131s\u0131ndaki Husan k\u00f6y\u00fcne bask\u0131n d\u00fczenledi\u011fini belirtirken, Filistinlilerin evlerini bas\u0131p 5 Filistinliyi tutuklad\u0131\u011f\u0131na i\u015faret etti.<\/p>\n<p><a class=\"oajrlxb2 g5ia77u1 qu0x051f esr5mh6w e9989ue4 r7d6kgcz rq0escxv nhd2j8a9 nc684nl6 p7hjln8o kvgmc6g5 cxmmr5t8 oygrvhab hcukyx3x jb3vyjys rz4wbd8a qt6c0cv9 a8nywdso i1ao9s8h esuyzwwr f1sip0of lzcic4wl gpro0wi8 q66pz984 b1v8xokw\" tabindex=\"0\" role=\"link\" href=\"https:\/\/www.facebook.com\/hashtag\/telegram_kanal%C4%B1m%C4%B1z?__eep__=6&amp;__cft__[0]=AZV2zXocaaUrFriQH_IrgoQHyh1t-05TwI3q2kaWv-0QZCtaF3zwIbWOJzVEgN68gzCyCF58UUTfzT-ByDB2Z9cleKcISWbbnjs8lo23WMfwGswfvrBsGCBxLxgr9PiIihOzqq69TIltywQaCvt4sP-m&amp;__tn__=*NK-R\">#Telegram_Kanal\u0131m\u0131z<\/a>: <a class=\"oajrlxb2 g5ia77u1 qu0x051f esr5mh6w e9989ue4 r7d6kgcz rq0escxv nhd2j8a9 nc684nl6 p7hjln8o kvgmc6g5 cxmmr5t8 oygrvhab hcukyx3x jb3vyjys rz4wbd8a qt6c0cv9 a8nywdso i1ao9s8h esuyzwwr f1sip0of lzcic4wl gpro0wi8 py34i1dx\" tabindex=\"0\" role=\"link\" href=\"https:\/\/t.me\/SuriyeArapHaberAjansI?fbclid=IwAR0vDEsQKQU7ty7uxrsMGY_BDwcZC7W7a3dHOPRgah4RRXRatmWD3gg8yX4\" target=\"_blank\" rel=\"nofollow noopener\">https:\/\/t.me\/SuriyeArapHaberAjansI<\/a><\/p>\n","protected":false},"excerpt":{"rendered":"<p>\u0130\u015eGAL ED\u0130LEN KUD\u00dcS \u2013 \u0130srail i\u015fgal g\u00fc\u00e7leri Bat\u0131 yaka&#8217;n\u0131n farkl\u0131 b\u00f6lgelerinde 5 Filistinliyi tutuklad\u0131. WAFA Haber Ajans\u0131, i\u015fgal g\u00fc\u00e7lerinin, Nablus kentinin g\u00fcneyindeki Kafr Kelil k\u00f6y\u00fc, El Halil&#8217;deki El Kud\u00fcs Caddesi, Ramallah&#8217;\u0131n bat\u0131s\u0131ndaki Kebiya k\u00f6y\u00fc ve Beyt Lahim&#8217;in bat\u0131s\u0131ndaki Husan k\u00f6y\u00fcne bask\u0131n d\u00fczenledi\u011fini belirtirken, Filistinlilerin evlerini bas\u0131p 5 Filistinliyi tutuklad\u0131\u011f\u0131na i\u015faret etti. #Telegram_Kanal\u0131m\u0131z: https:\/\/t.me\/SuriyeArapHaberAjansI<\/p>\n","protected":false},"author":39,"featured_media":253444,"comment_status":"closed","ping_status":"closed","sticky":false,"template":"","format":"standard","meta":{"footnotes":""},"categories":[458,459,17988],"tags":[],"class_list":["post-253443","post","type-post","status-publish","format-standard","has-post-thumbnail","","category-dunya1","category-haberler-arap-uluslararasi-politika","category-son-haberler"],"_links":{"self":[{"href":"https:\/\/archive.sana.sy\/tr\/index.php?rest_route=\/wp\/v2\/posts\/253443","targetHints":{"allow":["GET"]}}],"collection":[{"href":"https:\/\/archive.sana.sy\/tr\/index.php?rest_route=\/wp\/v2\/posts"}],"about":[{"href":"https:\/\/archive.sana.sy\/tr\/index.php?rest_route=\/wp\/v2\/types\/post"}],"author":[{"embeddable":true,"href":"https:\/\/archive.sana.sy\/tr\/index.php?rest_route=\/wp\/v2\/users\/39"}],"replies":[{"embeddable":true,"href":"https:\/\/archive.sana.sy\/tr\/index.php?rest_route=%2Fwp%2Fv2%2Fcomments&post=253443"}],"version-history":[{"count":0,"href":"https:\/\/archive.sana.sy\/tr\/index.php?rest_route=\/wp\/v2\/posts\/253443\/revisions"}],"wp:featuredmedia":[{"embeddable":true,"href":"https:\/\/archive.sana.sy\/tr\/index.php?rest_route=\/wp\/v2\/media\/253444"}],"wp:attachment":[{"href":"https:\/\/archive.sana.sy\/tr\/index.php?rest_route=%2Fwp%2Fv2%2Fmedia&parent=253443"}],"wp:term":[{"taxonomy":"category","embeddable":true,"href":"https:\/\/archive.sana.sy\/tr\/index.php?rest_route=%2Fwp%2Fv2%2Fcategories&post=253443"},{"taxonomy":"post_tag","embeddable":true,"href":"https:\/\/archive.sana.sy\/tr\/index.php?rest_route=%2Fwp%2Fv2%2Ftags&post=253443"}],"curies":[{"name":"wp","href":"https:\/\/api.w.org\/{rel}","templated":true}]}}