{"id":253488,"date":"2022-04-21T09:56:37","date_gmt":"2022-04-21T06:56:37","guid":{"rendered":"http:\/\/107.6.182.27\/tr\/?p=253488"},"modified":"2022-04-22T08:51:08","modified_gmt":"2022-04-22T05:51:08","slug":"samda-bir-bomba-duzenegi-patladi-maddi-hasarlar-meydana-geldi","status":"publish","type":"post","link":"https:\/\/archive.sana.sy\/tr\/?p=253488","title":{"rendered":"\u015eam&#8217;da Bir Bomba D\u00fczene\u011fi Patlad\u0131, Maddi Hasarlar Meydana Geldi"},"content":{"rendered":"<p>\u015eAM \u2013 SANA muhabiri, \u015eam\u2019\u0131n kuzeybat\u0131s\u0131nda yer alan El Vurud mahallesinde, \u00f6zel bir ara\u00e7\u2019ta bomba d\u00fczene\u011finin patlad\u0131\u011f\u0131n\u0131 belirtti.<\/p>\n<p>Muhabir ayr\u0131ca, bomban\u0131n patlamas\u0131 sonucunda meydana gelen hasar\u0131n sadece malzeme ile s\u0131n\u0131rl\u0131 oldu\u011funu belirtti.<\/p>\n<p><span style=\"color: #0000ff;\">#Telegram_Kanal\u0131m\u0131z: https:\/\/t.me\/SuriyeArapHaberAjansI<\/span><\/p>\n","protected":false},"excerpt":{"rendered":"<p>\u015eAM \u2013 SANA muhabiri, \u015eam\u2019\u0131n kuzeybat\u0131s\u0131nda yer alan El Vurud mahallesinde, \u00f6zel bir ara\u00e7\u2019ta bomba d\u00fczene\u011finin patlad\u0131\u011f\u0131n\u0131 belirtti. Muhabir ayr\u0131ca, bomban\u0131n patlamas\u0131 sonucunda meydana gelen hasar\u0131n sadece malzeme ile s\u0131n\u0131rl\u0131 oldu\u011funu belirtti. #Telegram_Kanal\u0131m\u0131z: https:\/\/t.me\/SuriyeArapHaberAjansI<\/p>\n","protected":false},"author":36,"featured_media":253489,"comment_status":"closed","ping_status":"closed","sticky":false,"template":"","format":"standard","meta":{"footnotes":""},"categories":[479,575,17988,478],"tags":[],"class_list":["post-253488","post","type-post","status-publish","format-standard","has-post-thumbnail","","category-haberler-yerel","category-olaylar-ve-gercekler","category-son-haberler","category-yerel"],"_links":{"self":[{"href":"https:\/\/archive.sana.sy\/tr\/index.php?rest_route=\/wp\/v2\/posts\/253488","targetHints":{"allow":["GET"]}}],"collection":[{"href":"https:\/\/archive.sana.sy\/tr\/index.php?rest_route=\/wp\/v2\/posts"}],"about":[{"href":"https:\/\/archive.sana.sy\/tr\/index.php?rest_route=\/wp\/v2\/types\/post"}],"author":[{"embeddable":true,"href":"https:\/\/archive.sana.sy\/tr\/index.php?rest_route=\/wp\/v2\/users\/36"}],"replies":[{"embeddable":true,"href":"https:\/\/archive.sana.sy\/tr\/index.php?rest_route=%2Fwp%2Fv2%2Fcomments&post=253488"}],"version-history":[{"count":0,"href":"https:\/\/archive.sana.sy\/tr\/index.php?rest_route=\/wp\/v2\/posts\/253488\/revisions"}],"wp:featuredmedia":[{"embeddable":true,"href":"https:\/\/archive.sana.sy\/tr\/index.php?rest_route=\/wp\/v2\/media\/253489"}],"wp:attachment":[{"href":"https:\/\/archive.sana.sy\/tr\/index.php?rest_route=%2Fwp%2Fv2%2Fmedia&parent=253488"}],"wp:term":[{"taxonomy":"category","embeddable":true,"href":"https:\/\/archive.sana.sy\/tr\/index.php?rest_route=%2Fwp%2Fv2%2Fcategories&post=253488"},{"taxonomy":"post_tag","embeddable":true,"href":"https:\/\/archive.sana.sy\/tr\/index.php?rest_route=%2Fwp%2Fv2%2Ftags&post=253488"}],"curies":[{"name":"wp","href":"https:\/\/api.w.org\/{rel}","templated":true}]}}