{"id":253491,"date":"2022-04-21T10:10:24","date_gmt":"2022-04-21T07:10:24","guid":{"rendered":"http:\/\/107.6.182.27\/tr\/?p=253491"},"modified":"2022-04-22T08:51:11","modified_gmt":"2022-04-22T05:51:11","slug":"deradaki-cozum-sureci-devam-ediyor","status":"publish","type":"post","link":"https:\/\/archive.sana.sy\/tr\/?p=253491","title":{"rendered":"Dera\u2019daki \u00c7\u00f6z\u00fcm S\u00fcreci Devam Ediyor"},"content":{"rendered":"<p>DERA \u2013 Dera&#8217;daki Huriyyat Saray\u0131 Merkezi&#8217;nde aranan ki\u015filerin ve askerlikten ka\u00e7anlar\u0131n durumlar\u0131n\u0131n d\u00fczeltmesi devam ediyor.<\/p>\n<p>SANA muhabiri, El Huriyyat Saray\u0131 Merkezi&#8217;ndeki uzla\u015fma komitelerinin, sabah erken saatlerinden durumlar\u0131n\u0131 \u00e7\u00f6zmek i\u00e7in aranan \u00e7ok say\u0131da ki\u015fiyi kabul etti\u011fini belirtti.<\/p>\n<p><span style=\"color: #0000ff;\">#Telegram_Kanal\u0131m\u0131z: https:\/\/t.me\/SuriyeArapHaberAjansI<\/span><\/p>\n<div id='gallery-1' class='gallery galleryid-253491 gallery-columns-1 gallery-size-full'><figure class='gallery-item'>\n\t\t\t<div class='gallery-icon landscape'>\n\t\t\t\t<a href='https:\/\/archive.sana.sy\/tr\/wp-content\/uploads\/2022\/04\/4-11.jpg'><img loading=\"lazy\" decoding=\"async\" width=\"660\" height=\"370\" src=\"https:\/\/archive.sana.sy\/tr\/wp-content\/uploads\/2022\/04\/4-11.jpg\" class=\"attachment-full size-full\" alt=\"\" srcset=\"https:\/\/archive.sana.sy\/tr\/wp-content\/uploads\/2022\/04\/4-11.jpg 660w, https:\/\/archive.sana.sy\/tr\/wp-content\/uploads\/2022\/04\/4-11-300x168.jpg 300w, https:\/\/archive.sana.sy\/tr\/wp-content\/uploads\/2022\/04\/4-11-150x84.jpg 150w\" sizes=\"auto, (max-width: 660px) 100vw, 660px\" \/><\/a>\n\t\t\t<\/div><\/figure>\n\t\t<\/div>\n\n","protected":false},"excerpt":{"rendered":"<p>DERA \u2013 Dera&#8217;daki Huriyyat Saray\u0131 Merkezi&#8217;nde aranan ki\u015filerin ve askerlikten ka\u00e7anlar\u0131n durumlar\u0131n\u0131n d\u00fczeltmesi devam ediyor. SANA muhabiri, El Huriyyat Saray\u0131 Merkezi&#8217;ndeki uzla\u015fma komitelerinin, sabah erken saatlerinden durumlar\u0131n\u0131 \u00e7\u00f6zmek i\u00e7in aranan \u00e7ok say\u0131da ki\u015fiyi kabul etti\u011fini belirtti. #Telegram_Kanal\u0131m\u0131z: https:\/\/t.me\/SuriyeArapHaberAjansI<\/p>\n","protected":false},"author":36,"featured_media":253493,"comment_status":"closed","ping_status":"closed","sticky":false,"template":"","format":"standard","meta":{"footnotes":""},"categories":[479,17988,478],"tags":[],"class_list":["post-253491","post","type-post","status-publish","format-standard","has-post-thumbnail","","category-haberler-yerel","category-son-haberler","category-yerel"],"_links":{"self":[{"href":"https:\/\/archive.sana.sy\/tr\/index.php?rest_route=\/wp\/v2\/posts\/253491","targetHints":{"allow":["GET"]}}],"collection":[{"href":"https:\/\/archive.sana.sy\/tr\/index.php?rest_route=\/wp\/v2\/posts"}],"about":[{"href":"https:\/\/archive.sana.sy\/tr\/index.php?rest_route=\/wp\/v2\/types\/post"}],"author":[{"embeddable":true,"href":"https:\/\/archive.sana.sy\/tr\/index.php?rest_route=\/wp\/v2\/users\/36"}],"replies":[{"embeddable":true,"href":"https:\/\/archive.sana.sy\/tr\/index.php?rest_route=%2Fwp%2Fv2%2Fcomments&post=253491"}],"version-history":[{"count":0,"href":"https:\/\/archive.sana.sy\/tr\/index.php?rest_route=\/wp\/v2\/posts\/253491\/revisions"}],"wp:featuredmedia":[{"embeddable":true,"href":"https:\/\/archive.sana.sy\/tr\/index.php?rest_route=\/wp\/v2\/media\/253493"}],"wp:attachment":[{"href":"https:\/\/archive.sana.sy\/tr\/index.php?rest_route=%2Fwp%2Fv2%2Fmedia&parent=253491"}],"wp:term":[{"taxonomy":"category","embeddable":true,"href":"https:\/\/archive.sana.sy\/tr\/index.php?rest_route=%2Fwp%2Fv2%2Fcategories&post=253491"},{"taxonomy":"post_tag","embeddable":true,"href":"https:\/\/archive.sana.sy\/tr\/index.php?rest_route=%2Fwp%2Fv2%2Ftags&post=253491"}],"curies":[{"name":"wp","href":"https:\/\/api.w.org\/{rel}","templated":true}]}}