{"id":253495,"date":"2022-04-21T10:15:12","date_gmt":"2022-04-21T07:15:12","guid":{"rendered":"http:\/\/107.6.182.27\/tr\/?p=253495"},"modified":"2022-04-22T08:51:14","modified_gmt":"2022-04-22T05:51:14","slug":"bogdanov-ve-haddad-cesitli-alanlarda-rusya-suriye-isbirligini-gorustu","status":"publish","type":"post","link":"https:\/\/archive.sana.sy\/tr\/?p=253495","title":{"rendered":"Bogdanov ve Haddad, \u00c7e\u015fitli Alanlarda Rusya-Suriye \u0130\u015fbirli\u011fini G\u00f6r\u00fc\u015ft\u00fc"},"content":{"rendered":"<p>MOSKOVA \u2013 Rusya Devlet Ba\u015fkan\u0131\u2019n\u0131n Ortado\u011fu ve Afrika \u00dclkeleri \u00d6zel Temsilcisi D\u0131\u015fi\u015fleri Bakan Yard\u0131mc\u0131s\u0131 Mihail Bogdanov, Suriye\u2019nin Rusya B\u00fcy\u00fckel\u00e7isi Dr. Riyad Haddad ile Suriye ve b\u00f6lgedeki son geli\u015fmeleri g\u00f6r\u00fc\u015ft\u00fc.<\/p>\n<p>Rusya D\u0131\u015fi\u015fleri Bakanl\u0131\u011f\u0131&#8217;ndan yap\u0131lan a\u00e7\u0131klamada, &#8220;Bogdanov ve Haddad aras\u0131ndaki g\u00f6r\u00fc\u015fme, \u00f6n\u00fcm\u00fczdeki d\u00f6nem i\u00e7in ikili temaslar\u0131n takvimi de dahil olmak \u00fczere, \u00e7ok y\u00f6nl\u00fc Rus-Suriye i\u015fbirli\u011findeki bir dizi acil konuyu da ele ald\u0131&#8221; dedi.<\/p>\n<p><span style=\"color: #0000ff;\">#Telegram_Kanal\u0131m\u0131z: https:\/\/t.me\/SuriyeArapHaberAjansI<\/span><\/p>\n<div id=\"gallery-1\" class=\"gallery galleryid-253491 gallery-columns-1 gallery-size-full\"><\/div>\n","protected":false},"excerpt":{"rendered":"<p>MOSKOVA \u2013 Rusya Devlet Ba\u015fkan\u0131\u2019n\u0131n Ortado\u011fu ve Afrika \u00dclkeleri \u00d6zel Temsilcisi D\u0131\u015fi\u015fleri Bakan Yard\u0131mc\u0131s\u0131 Mihail Bogdanov, Suriye\u2019nin Rusya B\u00fcy\u00fckel\u00e7isi Dr. Riyad Haddad ile Suriye ve b\u00f6lgedeki son geli\u015fmeleri g\u00f6r\u00fc\u015ft\u00fc. Rusya D\u0131\u015fi\u015fleri Bakanl\u0131\u011f\u0131&#8217;ndan yap\u0131lan a\u00e7\u0131klamada, &#8220;Bogdanov ve Haddad aras\u0131ndaki g\u00f6r\u00fc\u015fme, \u00f6n\u00fcm\u00fczdeki d\u00f6nem i\u00e7in ikili temaslar\u0131n takvimi de dahil olmak \u00fczere, \u00e7ok y\u00f6nl\u00fc Rus-Suriye i\u015fbirli\u011findeki bir dizi &hellip;<\/p>\n","protected":false},"author":36,"featured_media":253496,"comment_status":"closed","ping_status":"closed","sticky":false,"template":"","format":"standard","meta":{"footnotes":""},"categories":[458,459,17988],"tags":[],"class_list":["post-253495","post","type-post","status-publish","format-standard","has-post-thumbnail","","category-dunya1","category-haberler-arap-uluslararasi-politika","category-son-haberler"],"_links":{"self":[{"href":"https:\/\/archive.sana.sy\/tr\/index.php?rest_route=\/wp\/v2\/posts\/253495","targetHints":{"allow":["GET"]}}],"collection":[{"href":"https:\/\/archive.sana.sy\/tr\/index.php?rest_route=\/wp\/v2\/posts"}],"about":[{"href":"https:\/\/archive.sana.sy\/tr\/index.php?rest_route=\/wp\/v2\/types\/post"}],"author":[{"embeddable":true,"href":"https:\/\/archive.sana.sy\/tr\/index.php?rest_route=\/wp\/v2\/users\/36"}],"replies":[{"embeddable":true,"href":"https:\/\/archive.sana.sy\/tr\/index.php?rest_route=%2Fwp%2Fv2%2Fcomments&post=253495"}],"version-history":[{"count":0,"href":"https:\/\/archive.sana.sy\/tr\/index.php?rest_route=\/wp\/v2\/posts\/253495\/revisions"}],"wp:featuredmedia":[{"embeddable":true,"href":"https:\/\/archive.sana.sy\/tr\/index.php?rest_route=\/wp\/v2\/media\/253496"}],"wp:attachment":[{"href":"https:\/\/archive.sana.sy\/tr\/index.php?rest_route=%2Fwp%2Fv2%2Fmedia&parent=253495"}],"wp:term":[{"taxonomy":"category","embeddable":true,"href":"https:\/\/archive.sana.sy\/tr\/index.php?rest_route=%2Fwp%2Fv2%2Fcategories&post=253495"},{"taxonomy":"post_tag","embeddable":true,"href":"https:\/\/archive.sana.sy\/tr\/index.php?rest_route=%2Fwp%2Fv2%2Ftags&post=253495"}],"curies":[{"name":"wp","href":"https:\/\/api.w.org\/{rel}","templated":true}]}}