{"id":253501,"date":"2022-04-21T11:46:45","date_gmt":"2022-04-21T08:46:45","guid":{"rendered":"http:\/\/107.6.182.27\/tr\/?p=253501"},"modified":"2022-04-22T08:51:33","modified_gmt":"2022-04-22T05:51:33","slug":"el-kamisli-kentinde-dsg-milislerine-karsi-protesto-gosterisi-duzenlendi","status":"publish","type":"post","link":"https:\/\/archive.sana.sy\/tr\/?p=253501","title":{"rendered":"El Kam\u0131\u015fl\u0131 Kentinde DSG Milislerine Kar\u015f\u0131 Protesto G\u00f6sterisi D\u00fczenlendi"},"content":{"rendered":"<p>HASEKE \u2013 SANA muhabiri, bug\u00fcn Kam\u0131\u015fl\u0131 kentinde ya\u015fayan \u00e7ok say\u0131da ki\u015finin Amerikan i\u015fgaliyle ba\u011flant\u0131l\u0131 \u201cDSG\u201d milislerinin ihlallerini ve vatanda\u015flara y\u00f6nelik bask\u0131c\u0131 uygulamalar\u0131n\u0131 k\u0131nayarak protesto g\u00f6sterisi d\u00fczenlediklerini belirtti.<\/p>\n<p>G\u00f6steriye kat\u0131lanlar, \u201cDSG\u201d milisleri taraf\u0131ndan kamu hizmetlerinin s\u00fcrekli olarak durdurulmas\u0131n\u0131 u\u011framas\u0131n\u0131 ve vatanda\u015flar\u0131 taciz etmek i\u00e7in daha fazla silahl\u0131 bariyer kurulmas\u0131n\u0131 k\u0131nad\u0131lar.<\/p>\n<p><span style=\"color: #0000ff;\">#Telegram_Kanal\u0131m\u0131z: https:\/\/t.me\/SuriyeArapHaberAjansI<\/span><\/p>\n","protected":false},"excerpt":{"rendered":"<p>HASEKE \u2013 SANA muhabiri, bug\u00fcn Kam\u0131\u015fl\u0131 kentinde ya\u015fayan \u00e7ok say\u0131da ki\u015finin Amerikan i\u015fgaliyle ba\u011flant\u0131l\u0131 \u201cDSG\u201d milislerinin ihlallerini ve vatanda\u015flara y\u00f6nelik bask\u0131c\u0131 uygulamalar\u0131n\u0131 k\u0131nayarak protesto g\u00f6sterisi d\u00fczenlediklerini belirtti. G\u00f6steriye kat\u0131lanlar, \u201cDSG\u201d milisleri taraf\u0131ndan kamu hizmetlerinin s\u00fcrekli olarak durdurulmas\u0131n\u0131 u\u011framas\u0131n\u0131 ve vatanda\u015flar\u0131 taciz etmek i\u00e7in daha fazla silahl\u0131 bariyer kurulmas\u0131n\u0131 k\u0131nad\u0131lar. #Telegram_Kanal\u0131m\u0131z: https:\/\/t.me\/SuriyeArapHaberAjansI<\/p>\n","protected":false},"author":36,"featured_media":253502,"comment_status":"closed","ping_status":"closed","sticky":false,"template":"","format":"standard","meta":{"footnotes":""},"categories":[479,17988,478],"tags":[],"class_list":["post-253501","post","type-post","status-publish","format-standard","has-post-thumbnail","","category-haberler-yerel","category-son-haberler","category-yerel"],"_links":{"self":[{"href":"https:\/\/archive.sana.sy\/tr\/index.php?rest_route=\/wp\/v2\/posts\/253501","targetHints":{"allow":["GET"]}}],"collection":[{"href":"https:\/\/archive.sana.sy\/tr\/index.php?rest_route=\/wp\/v2\/posts"}],"about":[{"href":"https:\/\/archive.sana.sy\/tr\/index.php?rest_route=\/wp\/v2\/types\/post"}],"author":[{"embeddable":true,"href":"https:\/\/archive.sana.sy\/tr\/index.php?rest_route=\/wp\/v2\/users\/36"}],"replies":[{"embeddable":true,"href":"https:\/\/archive.sana.sy\/tr\/index.php?rest_route=%2Fwp%2Fv2%2Fcomments&post=253501"}],"version-history":[{"count":0,"href":"https:\/\/archive.sana.sy\/tr\/index.php?rest_route=\/wp\/v2\/posts\/253501\/revisions"}],"wp:featuredmedia":[{"embeddable":true,"href":"https:\/\/archive.sana.sy\/tr\/index.php?rest_route=\/wp\/v2\/media\/253502"}],"wp:attachment":[{"href":"https:\/\/archive.sana.sy\/tr\/index.php?rest_route=%2Fwp%2Fv2%2Fmedia&parent=253501"}],"wp:term":[{"taxonomy":"category","embeddable":true,"href":"https:\/\/archive.sana.sy\/tr\/index.php?rest_route=%2Fwp%2Fv2%2Fcategories&post=253501"},{"taxonomy":"post_tag","embeddable":true,"href":"https:\/\/archive.sana.sy\/tr\/index.php?rest_route=%2Fwp%2Fv2%2Ftags&post=253501"}],"curies":[{"name":"wp","href":"https:\/\/api.w.org\/{rel}","templated":true}]}}