{"id":253511,"date":"2022-04-21T23:22:53","date_gmt":"2022-04-21T20:22:53","guid":{"rendered":"http:\/\/107.6.182.27\/tr\/?p=253511"},"modified":"2022-04-22T14:41:21","modified_gmt":"2022-04-22T11:41:21","slug":"harp-operasyonlarinda-yaralananlar-ile-sehit-ve-kayip-ailelerine-maddi-yardim","status":"publish","type":"post","link":"https:\/\/archive.sana.sy\/tr\/?p=253511","title":{"rendered":"Harp Operasyonlar\u0131nda Yaralananlar \u0130le \u015eehit Ve Kay\u0131p Ailelerine Maddi Yard\u0131m"},"content":{"rendered":"<p style=\"text-align: justify;\">\u015eAM &#8211; Ordu ve Silahl\u0131 Kuvvetler Ba\u015fkomutan\u0131 Korgeneral Be\u015f\u015far Esad, askeri operasyonlarda ordudan, i\u00e7 g\u00fcvenlik g\u00fc\u00e7lerinden ve yard\u0131mc\u0131 kuvvetlerden yaralananlar da dahil olmak \u00fczere, acizlik oran\u0131 % 40 ve \u00fczerinde olanlara bir kerelik mali hibe verilmesini istedi. Ordu ve Silahl\u0131 Kuvvetler Ba\u015fkomutan\u0131 ayr\u0131ca \u015fehit ve kay\u0131p ailelerinin de i\u00e7inde bulundu\u011fu bir defaya mahsus olmak \u00fczere \u015eehitler, Yaral\u0131lar ve Kay\u0131plar Sand\u0131\u011f\u0131&#8217;ndan bir defaya mahsus bir mali yard\u0131m yap\u0131lmas\u0131 talimat\u0131n\u0131 verdi.<\/p>\n<p style=\"text-align: justify;\">\u0130kramiye, k\u0131smi maluliyet grubundaki (%40-69) yaral\u0131lara 100.000 Suriye liras\u0131, ara toplam maluliyet grubundaki yaral\u0131lara (%70-79) 150 bin lira, yaralanan toplam sakatl\u0131k (%80 ve \u00fczeri) ise 200.000 Suriye liras\u0131 mali yard\u0131m tahsis edilmesini \u00f6ng\u00f6r\u00fcyor.<\/p>\n<p style=\"text-align: justify;\">\u015eehit ve kay\u0131p ailelerine gelince, ikramiye, evli \u015fehidin ailesine 150 bin Suriye liras\u0131, bekar \u015fehidin ailesine 100 bin Suriye liras\u0131 \u00f6denmesini sa\u011fl\u0131yor. Ayn\u0131 durum kay\u0131p aileleri i\u00e7in de ge\u00e7erlidir.<\/p>\n","protected":false},"excerpt":{"rendered":"<p>\u015eAM &#8211; Ordu ve Silahl\u0131 Kuvvetler Ba\u015fkomutan\u0131 Korgeneral Be\u015f\u015far Esad, askeri operasyonlarda ordudan, i\u00e7 g\u00fcvenlik g\u00fc\u00e7lerinden ve yard\u0131mc\u0131 kuvvetlerden yaralananlar da dahil olmak \u00fczere, acizlik oran\u0131 % 40 ve \u00fczerinde olanlara bir kerelik mali hibe verilmesini istedi. Ordu ve Silahl\u0131 Kuvvetler Ba\u015fkomutan\u0131 ayr\u0131ca \u015fehit ve kay\u0131p ailelerinin de i\u00e7inde bulundu\u011fu bir defaya mahsus olmak \u00fczere &hellip;<\/p>\n","protected":false},"author":1,"featured_media":253512,"comment_status":"closed","ping_status":"closed","sticky":false,"template":"","format":"standard","meta":{"footnotes":""},"categories":[479,17988,478],"tags":[],"class_list":["post-253511","post","type-post","status-publish","format-standard","has-post-thumbnail","","category-haberler-yerel","category-son-haberler","category-yerel"],"_links":{"self":[{"href":"https:\/\/archive.sana.sy\/tr\/index.php?rest_route=\/wp\/v2\/posts\/253511","targetHints":{"allow":["GET"]}}],"collection":[{"href":"https:\/\/archive.sana.sy\/tr\/index.php?rest_route=\/wp\/v2\/posts"}],"about":[{"href":"https:\/\/archive.sana.sy\/tr\/index.php?rest_route=\/wp\/v2\/types\/post"}],"author":[{"embeddable":true,"href":"https:\/\/archive.sana.sy\/tr\/index.php?rest_route=\/wp\/v2\/users\/1"}],"replies":[{"embeddable":true,"href":"https:\/\/archive.sana.sy\/tr\/index.php?rest_route=%2Fwp%2Fv2%2Fcomments&post=253511"}],"version-history":[{"count":0,"href":"https:\/\/archive.sana.sy\/tr\/index.php?rest_route=\/wp\/v2\/posts\/253511\/revisions"}],"wp:featuredmedia":[{"embeddable":true,"href":"https:\/\/archive.sana.sy\/tr\/index.php?rest_route=\/wp\/v2\/media\/253512"}],"wp:attachment":[{"href":"https:\/\/archive.sana.sy\/tr\/index.php?rest_route=%2Fwp%2Fv2%2Fmedia&parent=253511"}],"wp:term":[{"taxonomy":"category","embeddable":true,"href":"https:\/\/archive.sana.sy\/tr\/index.php?rest_route=%2Fwp%2Fv2%2Fcategories&post=253511"},{"taxonomy":"post_tag","embeddable":true,"href":"https:\/\/archive.sana.sy\/tr\/index.php?rest_route=%2Fwp%2Fv2%2Ftags&post=253511"}],"curies":[{"name":"wp","href":"https:\/\/api.w.org\/{rel}","templated":true}]}}