{"id":253514,"date":"2022-04-21T23:37:11","date_gmt":"2022-04-21T20:37:11","guid":{"rendered":"http:\/\/107.6.182.27\/tr\/?p=253514"},"modified":"2022-04-22T08:45:59","modified_gmt":"2022-04-22T05:45:59","slug":"on-yildan-fazla-zamandan-sonra-deyezzordaki-ermeni-sehitler-kilisesinde-ayin-duzenlendi","status":"publish","type":"post","link":"https:\/\/archive.sana.sy\/tr\/?p=253514","title":{"rendered":"On Y\u0131ldan Fazla Zamandan Sonra.. Deyezzor&#8217;daki Ermeni \u015eehitler Kilisesi&#8217;nde Ayin D\u00fczenlendi"},"content":{"rendered":"<p style=\"text-align: justify;\">DEYREZZOR &#8211; Deyrezzor&#8217;daki Ermeni \u015eehitleri Kilisesi&#8217;nde, kilisenin ter\u00f6r \u00f6rg\u00fctleri taraf\u0131ndan tahrip edilmesi nedeniyle on y\u0131l\u0131 a\u015fk\u0131n bir s\u00fcredir devam eden bir aradan sonra bug\u00fcn ilk ayin d\u00fczenlendi.<\/p>\n<p style=\"text-align: justify;\">Ayin, Halep ve Ba\u011f\u0131ml\u0131lar\u0131 Ermeni Ba\u015fpiskoposu Masis Zoboyan taraf\u0131ndan, El Cezire ve F\u0131rat Piskoposlu\u011fu vekili Ba\u015fpiskopos Levon Yeghayan ve \u00e7ok say\u0131da Ermeni Papa ve Rahiplerinin kat\u0131l\u0131m\u0131yla \u00e7e\u015fitli H\u0131ristiyan mezhepleri, Deyrezzor&#8217;dan resmi ve pop\u00fcler ki\u015filerin huzurunda d\u00fczenlendi.<\/p>\n<p style=\"text-align: justify;\">Ba\u015fpiskopos Masis, kin ve adaletsizli\u011fin en amans\u0131z sava\u015flar\u0131na g\u00f6\u011f\u00fcs gererken, Suriye&#8217;nin liderli\u011fini, halk\u0131n\u0131 ve ordusunu b\u00fcy\u00fck bir zaferle ta\u00e7land\u0131rmas\u0131 i\u00e7in Allah&#8217;a dua ederken, dua s\u0131ras\u0131nda kinini, d\u00f6k\u00fclen kan\u0131n\u0131, horg\u00f6r\u00fcs\u00fcn\u00fc tasdik etmek i\u00e7in savunmas\u0131z Ermeni halk\u0131na kar\u015f\u0131 i\u015fledi\u011fi en i\u011fren\u00e7 su\u00e7 ve katliamlardan biri olan Osmanl\u0131 katliam\u0131 taraf\u0131ndan \u00f6ld\u00fcr\u00fclen Ermeni \u015fehitlerine rahmet diledi ve dua etti.<\/p>\n<p style=\"text-align: justify;\">Deyrezzor Valisi Fad\u0131l Neccar konu\u015fmas\u0131nda Suriye ve Ermeni halklar\u0131n\u0131 birle\u015ftiren sevgi ve dostluk ruhuna de\u011finerek, Osmanl\u0131lar\u0131n Ermenistan halk\u0131na y\u00f6nelik i\u015fledi\u011fi katliamlarla T\u00fcrk rejiminin halka ve ta\u015flara kar\u015f\u0131 i\u015fledi\u011fi su\u00e7lara dikkati \u00e7ekti ve Suriye&#8217;nin Deyrezor&#8217;u T\u00fcrk rejiminin \u00e7etelerinden ar\u0131nd\u0131rarak b\u00f6lgedeki planlar\u0131n\u0131 bozguna u\u011fratt\u0131\u011f\u0131na dikkat \u00e7ekti.<\/p>\n","protected":false},"excerpt":{"rendered":"<p>DEYREZZOR &#8211; Deyrezzor&#8217;daki Ermeni \u015eehitleri Kilisesi&#8217;nde, kilisenin ter\u00f6r \u00f6rg\u00fctleri taraf\u0131ndan tahrip edilmesi nedeniyle on y\u0131l\u0131 a\u015fk\u0131n bir s\u00fcredir devam eden bir aradan sonra bug\u00fcn ilk ayin d\u00fczenlendi. Ayin, Halep ve Ba\u011f\u0131ml\u0131lar\u0131 Ermeni Ba\u015fpiskoposu Masis Zoboyan taraf\u0131ndan, El Cezire ve F\u0131rat Piskoposlu\u011fu vekili Ba\u015fpiskopos Levon Yeghayan ve \u00e7ok say\u0131da Ermeni Papa ve Rahiplerinin kat\u0131l\u0131m\u0131yla \u00e7e\u015fitli H\u0131ristiyan &hellip;<\/p>\n","protected":false},"author":1,"featured_media":253515,"comment_status":"closed","ping_status":"closed","sticky":false,"template":"","format":"standard","meta":{"footnotes":""},"categories":[479,17988,478],"tags":[],"class_list":["post-253514","post","type-post","status-publish","format-standard","has-post-thumbnail","","category-haberler-yerel","category-son-haberler","category-yerel"],"_links":{"self":[{"href":"https:\/\/archive.sana.sy\/tr\/index.php?rest_route=\/wp\/v2\/posts\/253514","targetHints":{"allow":["GET"]}}],"collection":[{"href":"https:\/\/archive.sana.sy\/tr\/index.php?rest_route=\/wp\/v2\/posts"}],"about":[{"href":"https:\/\/archive.sana.sy\/tr\/index.php?rest_route=\/wp\/v2\/types\/post"}],"author":[{"embeddable":true,"href":"https:\/\/archive.sana.sy\/tr\/index.php?rest_route=\/wp\/v2\/users\/1"}],"replies":[{"embeddable":true,"href":"https:\/\/archive.sana.sy\/tr\/index.php?rest_route=%2Fwp%2Fv2%2Fcomments&post=253514"}],"version-history":[{"count":0,"href":"https:\/\/archive.sana.sy\/tr\/index.php?rest_route=\/wp\/v2\/posts\/253514\/revisions"}],"wp:featuredmedia":[{"embeddable":true,"href":"https:\/\/archive.sana.sy\/tr\/index.php?rest_route=\/wp\/v2\/media\/253515"}],"wp:attachment":[{"href":"https:\/\/archive.sana.sy\/tr\/index.php?rest_route=%2Fwp%2Fv2%2Fmedia&parent=253514"}],"wp:term":[{"taxonomy":"category","embeddable":true,"href":"https:\/\/archive.sana.sy\/tr\/index.php?rest_route=%2Fwp%2Fv2%2Fcategories&post=253514"},{"taxonomy":"post_tag","embeddable":true,"href":"https:\/\/archive.sana.sy\/tr\/index.php?rest_route=%2Fwp%2Fv2%2Ftags&post=253514"}],"curies":[{"name":"wp","href":"https:\/\/api.w.org\/{rel}","templated":true}]}}