{"id":253517,"date":"2022-04-21T23:42:40","date_gmt":"2022-04-21T20:42:40","guid":{"rendered":"http:\/\/107.6.182.27\/tr\/?p=253517"},"modified":"2022-04-22T08:51:40","modified_gmt":"2022-04-22T05:51:40","slug":"mikdad-ve-abdullehyan-telefon-gorusmesinde-ikili-iliskileri-ve-ortak-cikar-meselelerini-gorustu","status":"publish","type":"post","link":"https:\/\/archive.sana.sy\/tr\/?p=253517","title":{"rendered":"Mikdad Ve Abdullehyan Telefon G\u00f6r\u00fc\u015fmesinde \u0130kili \u0130li\u015fkileri Ve Ortak \u00c7\u0131kar Meselelerini G\u00f6r\u00fc\u015ft\u00fc"},"content":{"rendered":"<p style=\"text-align: justify;\">\u015eAM &#8211; D\u0131\u015fi\u015fleri ve Gurbet\u00e7iler Bakan\u0131 Dr. Faysal Al-Miqdad, bu \u00f6\u011fleden sonra \u0130ran \u0130slam Cumhuriyeti D\u0131\u015fi\u015fleri Bakan\u0131 H\u00fcseyin Emir Abdullehyan ile yapt\u0131\u011f\u0131 telefon g\u00f6r\u00fc\u015fmesinde ikili ili\u015fkiler ve ortak \u00e7\u0131kar konular\u0131n\u0131 g\u00f6r\u00fc\u015ft\u00fc.<\/p>\n<p style=\"text-align: justify;\">Telefon g\u00f6r\u00fc\u015fmesinde iki taraf, iki \u00fclke aras\u0131ndaki ortak y\u00fcksek ekonomik komitenin toplant\u0131lar\u0131n\u0131 d\u00fczenlemeyi ele ald\u0131 ve \u0130srail&#8217;in Mescid-i Aksa&#8217;ya y\u00f6nelik canice sald\u0131r\u0131lar\u0131 kar\u015f\u0131s\u0131nda Filistin halk\u0131n\u0131n kararl\u0131l\u0131\u011f\u0131ndan dolay\u0131 takdirlerini dile getirerek Suriye ve \u0130ran&#8217;\u0131n yan\u0131nda durdu\u011funu s\u00f6yledi.<\/p>\n<p style=\"text-align: justify;\">Bakan Mikdad, Suriye ve \u0130ran aras\u0131ndaki ili\u015fkilerin her zaman daha fazla geli\u015fmeye do\u011fru ilerledi\u011fini vurgulad\u0131 ve iki \u00fclke halklar\u0131na dayat\u0131lan yasad\u0131\u015f\u0131 ve zorlay\u0131c\u0131 Bat\u0131 ekonomik yapt\u0131r\u0131mlar\u0131n etkilerinin \u00fcstesinden gelmek i\u00e7in Suriye-\u0130ran ekonomik i\u015fbirli\u011fini harekete ge\u00e7irme ihtiyac\u0131n\u0131 vurgulad\u0131.<\/p>\n<p style=\"text-align: justify;\">Bakan Mikdad, Tahran ve \u015eam aras\u0131ndaki ili\u015fkileri sadece iki dost \u00fclke ve halklar\u0131n \u00e7\u0131karlar\u0131 i\u00e7in de\u011fil, ayn\u0131 zamanda b\u00f6lgede g\u00fcvenlik ve istikrar\u0131 sa\u011flamak i\u00e7in tarihi, stratejik ve \u00f6nemli olarak nitelendirdi ve Suriye&#8217;nin \u0130ran&#8217;\u0131n bu konudaki tutumuna verdi\u011fi deste\u011fi dile getirerek, n\u00fckleer dosya ve anla\u015fmay\u0131 \u015fimdiye kadar imzalamamakla ABD&#8217;yi su\u00e7lad\u0131.<\/p>\n<p style=\"text-align: justify;\">Abdullehyan, Suriye ile \u0130ran aras\u0131ndaki stratejik ili\u015fkilerin derinli\u011fini vurgulayarak, iki \u00fclke aras\u0131ndaki i\u015fbirli\u011fini her alanda geli\u015ftirmek ve Suriye ile \u0130ran halklar\u0131 aras\u0131ndaki ili\u015fkileri derinle\u015ftirmek i\u00e7in Suriye taraf\u0131yla birlikte \u00e7al\u0131\u015fma arzusunu dile getirdi.<\/p>\n<p style=\"text-align: justify;\">Abdullehyan, \u00fclkesinin Suriye&#8217;nin ve halk\u0131n\u0131n yan\u0131nda yer alarak bir kez daha ger\u00e7ek bir ekonomik ve ticari ortakl\u0131\u011fa ula\u015fmaya \u00e7al\u0131\u015fmas\u0131n\u0131n \u00f6nemine ve Bat\u0131l\u0131 \u00fclkelerin dayatt\u0131\u011f\u0131 tek tarafl\u0131 zorlay\u0131c\u0131 yapt\u0131r\u0131mlar\u0131n olumsuz etkilerini a\u015fmak i\u00e7in gerekli yard\u0131m\u0131 sa\u011flamaya istekli oldu\u011funa dikkat \u00e7ekti.<\/p>\n<p style=\"text-align: justify;\">Bakan Abdullehyan ayr\u0131ca, \u0130ran&#8217;\u0131n n\u00fckleer dosyas\u0131na ili\u015fkin Viyana&#8217;da y\u00fcr\u00fct\u00fclen m\u00fczakerelerle ilgili son geli\u015fmeler ve ABD&#8217;nin Kapsaml\u0131 Ortak Eylem Plan\u0131&#8217;n\u0131n uygulanmas\u0131na geri d\u00f6n\u00fc\u015f\u00fcn \u00f6n\u00fcndeki engeller hakk\u0131nda bir sunum yapt\u0131.<\/p>\n","protected":false},"excerpt":{"rendered":"<p>\u015eAM &#8211; D\u0131\u015fi\u015fleri ve Gurbet\u00e7iler Bakan\u0131 Dr. Faysal Al-Miqdad, bu \u00f6\u011fleden sonra \u0130ran \u0130slam Cumhuriyeti D\u0131\u015fi\u015fleri Bakan\u0131 H\u00fcseyin Emir Abdullehyan ile yapt\u0131\u011f\u0131 telefon g\u00f6r\u00fc\u015fmesinde ikili ili\u015fkiler ve ortak \u00e7\u0131kar konular\u0131n\u0131 g\u00f6r\u00fc\u015ft\u00fc. Telefon g\u00f6r\u00fc\u015fmesinde iki taraf, iki \u00fclke aras\u0131ndaki ortak y\u00fcksek ekonomik komitenin toplant\u0131lar\u0131n\u0131 d\u00fczenlemeyi ele ald\u0131 ve \u0130srail&#8217;in Mescid-i Aksa&#8217;ya y\u00f6nelik canice sald\u0131r\u0131lar\u0131 kar\u015f\u0131s\u0131nda Filistin &hellip;<\/p>\n","protected":false},"author":1,"featured_media":253518,"comment_status":"closed","ping_status":"closed","sticky":false,"template":"","format":"standard","meta":{"footnotes":""},"categories":[479,17988,478],"tags":[],"class_list":["post-253517","post","type-post","status-publish","format-standard","has-post-thumbnail","","category-haberler-yerel","category-son-haberler","category-yerel"],"_links":{"self":[{"href":"https:\/\/archive.sana.sy\/tr\/index.php?rest_route=\/wp\/v2\/posts\/253517","targetHints":{"allow":["GET"]}}],"collection":[{"href":"https:\/\/archive.sana.sy\/tr\/index.php?rest_route=\/wp\/v2\/posts"}],"about":[{"href":"https:\/\/archive.sana.sy\/tr\/index.php?rest_route=\/wp\/v2\/types\/post"}],"author":[{"embeddable":true,"href":"https:\/\/archive.sana.sy\/tr\/index.php?rest_route=\/wp\/v2\/users\/1"}],"replies":[{"embeddable":true,"href":"https:\/\/archive.sana.sy\/tr\/index.php?rest_route=%2Fwp%2Fv2%2Fcomments&post=253517"}],"version-history":[{"count":0,"href":"https:\/\/archive.sana.sy\/tr\/index.php?rest_route=\/wp\/v2\/posts\/253517\/revisions"}],"wp:featuredmedia":[{"embeddable":true,"href":"https:\/\/archive.sana.sy\/tr\/index.php?rest_route=\/wp\/v2\/media\/253518"}],"wp:attachment":[{"href":"https:\/\/archive.sana.sy\/tr\/index.php?rest_route=%2Fwp%2Fv2%2Fmedia&parent=253517"}],"wp:term":[{"taxonomy":"category","embeddable":true,"href":"https:\/\/archive.sana.sy\/tr\/index.php?rest_route=%2Fwp%2Fv2%2Fcategories&post=253517"},{"taxonomy":"post_tag","embeddable":true,"href":"https:\/\/archive.sana.sy\/tr\/index.php?rest_route=%2Fwp%2Fv2%2Ftags&post=253517"}],"curies":[{"name":"wp","href":"https:\/\/api.w.org\/{rel}","templated":true}]}}