{"id":25352,"date":"2015-03-02T10:48:37","date_gmt":"2015-03-02T08:48:37","guid":{"rendered":"http:\/\/www.sana.sy\/tr\/?p=25352"},"modified":"2015-03-02T10:48:37","modified_gmt":"2015-03-02T08:48:37","slug":"askeri-kaynak-ordu-birliklerimizin-dera-mahattada-muhayyam-parki-cevresi-ve-muhendisler-sendikasinin-guneyinde-nusra-cephesine-tabi-2-hucreyi-dera-kirsali-cize-beldesinde-teroristlere-ait-h","status":"publish","type":"post","link":"https:\/\/archive.sana.sy\/tr\/?p=25352","title":{"rendered":"Askeri kaynak, ordu birliklerimizin Dera Mahatta\u2019da Muhayyam Park\u0131 \u00e7evresi ve M\u00fchendisler Sendikas\u0131n\u0131n g\u00fcneyinde Nusra Cephesine tabi 2 h\u00fccreyi, Dera k\u0131rsal\u0131 Cize Beldesinde ter\u00f6ristlere ait h\u00fccreler ve i\u00e7indekilerle birlikte ara\u00e7lar\u0131n\u0131 imha ettiklerini s\u00f6yledi."},"content":{"rendered":"<p>Askeri kaynak, ordu birliklerimizin Dera Mahatta\u2019da Muhayyam Park\u0131 \u00e7evresi ve M\u00fchendisler Sendikas\u0131n\u0131n g\u00fcneyinde Nusra Cephesine tabi 2 h\u00fccreyi, Dera k\u0131rsal\u0131 Cize Beldesinde ter\u00f6ristlere ait h\u00fccreler ve i\u00e7indekilerle birlikte ara\u00e7lar\u0131n\u0131 imha ettiklerini s\u00f6yledi.<\/p>\n","protected":false},"excerpt":{"rendered":"<p>Askeri kaynak, ordu birliklerimizin Dera Mahatta\u2019da Muhayyam Park\u0131 \u00e7evresi ve M\u00fchendisler Sendikas\u0131n\u0131n g\u00fcneyinde Nusra Cephesine tabi 2 h\u00fccreyi, Dera k\u0131rsal\u0131 Cize Beldesinde ter\u00f6ristlere ait h\u00fccreler ve i\u00e7indekilerle birlikte ara\u00e7lar\u0131n\u0131 imha ettiklerini s\u00f6yledi.<\/p>\n","protected":false},"author":1,"featured_media":0,"comment_status":"closed","ping_status":"closed","sticky":false,"template":"","format":"standard","meta":{"footnotes":""},"categories":[1],"tags":[1031,12034,12033],"class_list":["post-25352","post","type-post","status-publish","format-standard","","category-news-not-sorted","tag-askeri-kaynak","tag-dera-kirsali-cize-beldesinde-teroristlere-ait-hucreler-ve-icindekilerle-birlikte-araclarini-imha-ettiklerini-soyledi","tag-ordu-birliklerimizin-dera-mahattada-muhayyam-parki-cevresi-ve-muhendisler-sendikasinin-guneyinde-nusra-cephesine-tabi-2-hucreyi"],"_links":{"self":[{"href":"https:\/\/archive.sana.sy\/tr\/index.php?rest_route=\/wp\/v2\/posts\/25352","targetHints":{"allow":["GET"]}}],"collection":[{"href":"https:\/\/archive.sana.sy\/tr\/index.php?rest_route=\/wp\/v2\/posts"}],"about":[{"href":"https:\/\/archive.sana.sy\/tr\/index.php?rest_route=\/wp\/v2\/types\/post"}],"author":[{"embeddable":true,"href":"https:\/\/archive.sana.sy\/tr\/index.php?rest_route=\/wp\/v2\/users\/1"}],"replies":[{"embeddable":true,"href":"https:\/\/archive.sana.sy\/tr\/index.php?rest_route=%2Fwp%2Fv2%2Fcomments&post=25352"}],"version-history":[{"count":0,"href":"https:\/\/archive.sana.sy\/tr\/index.php?rest_route=\/wp\/v2\/posts\/25352\/revisions"}],"wp:attachment":[{"href":"https:\/\/archive.sana.sy\/tr\/index.php?rest_route=%2Fwp%2Fv2%2Fmedia&parent=25352"}],"wp:term":[{"taxonomy":"category","embeddable":true,"href":"https:\/\/archive.sana.sy\/tr\/index.php?rest_route=%2Fwp%2Fv2%2Fcategories&post=25352"},{"taxonomy":"post_tag","embeddable":true,"href":"https:\/\/archive.sana.sy\/tr\/index.php?rest_route=%2Fwp%2Fv2%2Ftags&post=25352"}],"curies":[{"name":"wp","href":"https:\/\/api.w.org\/{rel}","templated":true}]}}