{"id":253520,"date":"2022-04-22T00:00:58","date_gmt":"2022-04-21T21:00:58","guid":{"rendered":"http:\/\/107.6.182.27\/tr\/?p=253520"},"modified":"2022-04-22T09:29:28","modified_gmt":"2022-04-22T06:29:28","slug":"suriye-ukraynali-nazi-milliyetci-orgutlerinin-kimyasal-provokasyonlarin-tehlikelerinden-endise-duyuyor","status":"publish","type":"post","link":"https:\/\/archive.sana.sy\/tr\/?p=253520","title":{"rendered":"Suriye, Ukraynal\u0131 Nazi Milliyet\u00e7i \u00d6rg\u00fctlerinin Kimyasal Provokasyonlar\u0131n Tehlikelerinden Endi\u015fe Duyuyor"},"content":{"rendered":"<p style=\"text-align: justify;\">\u015eAM &#8211; Suriye, baz\u0131 Ukraynal\u0131 Nazi milliyet\u00e7i \u00f6rg\u00fctlerinin Rusya Federasyonu ve silahl\u0131 kuvvetlerini Donbass&#8217;taki sivil halka kar\u015f\u0131 kimyasal silah kullanmakla su\u00e7lamak i\u00e7in ger\u00e7ekle\u015ftirmeye \u00e7al\u0131\u015ft\u0131klar\u0131 provokasyonlar\u0131n tehlikelerine ili\u015fkin uyar\u0131lardan bahseden bilgilerden duydu\u011fu derin endi\u015feyi dile getirerek, Rusya Federasyonu&#8217;nun bu t\u00fcr provokasyonlara verdi\u011fi yan\u0131ttan duydu\u011fu memnuniyeti vurgulad\u0131.<\/p>\n<p style=\"text-align: justify;\">D\u0131\u015fi\u015fleri ve Gurbet\u00e7iler Bakanl\u0131\u011f\u0131&#8217;ndan resmi bir kaynak SANA&#8217;ya a\u00e7\u0131klamas\u0131nda: Suriye Arap Cumhuriyeti, baz\u0131 Ukraynal\u0131 Nazi milliyet\u00e7i \u00f6rg\u00fctlerinin Rusya Federasyonu ve silahl\u0131 kuvvetlerini sivil halka kar\u015f\u0131 bir\u00e7ok \u015fehirde, \u00f6zellikle de Donbass b\u00f6lgesinde kimyasal silah kullanmakla su\u00e7lamak i\u00e7in ger\u00e7ekle\u015ftirmeye \u00e7al\u0131\u015ft\u0131klar\u0131 provokasyonlar\u0131n tehlikelerine ili\u015fkin uyar\u0131lardan bahseden bilgileri b\u00fcy\u00fck bir endi\u015feyle g\u00f6zlemledi\u011fini, s\u00f6yledi.<\/p>\n<p style=\"text-align: justify;\">Kaynak: Bu bilgi, baz\u0131 Ukraynal\u0131 milliyet\u00e7i a\u015f\u0131r\u0131l\u0131k yanl\u0131lar\u0131n\u0131n, Halk Kurtulu\u015f Ordusu Lugansk&#8217;a yakla\u015ft\u0131\u011f\u0131 s\u0131rada Donbass b\u00f6lgesindeki Belogorovka \u015fehrinde klor i\u00e7eren konteynerlere patlatmak amac\u0131yla patlay\u0131c\u0131 yerle\u015ftirdi\u011fini g\u00f6steriyor, dedi.<\/p>\n<p style=\"text-align: justify;\">Kaynak: Suriye Arap Cumhuriyeti, 9 Nisan 2022&#8217;de baz\u0131 Ukraynal\u0131 a\u015f\u0131r\u0131l\u0131k yanl\u0131lar\u0131 taraf\u0131ndan Lugansk&#8217;ta bulunan bir kimya fabrikas\u0131nda tehlikeli maddeler i\u00e7eren bir konteynerin imha edilmesini en g\u00fc\u00e7l\u00fc \u015fekilde k\u0131nad\u0131\u011f\u0131n\u0131 belirterek, bunun o b\u00f6lgedeki geni\u015f arazi alanlar\u0131n\u0131 kirleten ve oradaki n\u00fcfus ve \u00e7evre i\u00e7in do\u011frudan bir tehdit olu\u015fturan toksik kimyasallar\u0131n emisyonuna yol a\u00e7t\u0131\u011f\u0131na i\u015faret etti.<\/p>\n<p style=\"text-align: justify;\">Kaynak, Suriye&#8217;nin, ter\u00f6rist &#8220;Beyaz Kaskl\u0131lar&#8221; grubu taraf\u0131ndan y\u00f6netilen \u00e7e\u015fitli ter\u00f6r \u00f6rg\u00fctleri taraf\u0131ndan ger\u00e7ekle\u015ftirilen benzer olaylardan muzdarip oldu\u011funu ve hala ac\u0131 \u00e7ekti\u011fini g\u00f6z \u00f6n\u00fcnde bulundurarak, Rusya Federasyonu&#8217;nun bu t\u00fcr provokasyonlara verdi\u011fi yan\u0131ttan duydu\u011fu memnuniyeti belirtti\u011fini vurgulad\u0131.<\/p>\n<p style=\"text-align: justify;\">Kaynak, s\u00f6zlerini \u015f\u00f6yle tamamlad\u0131: Suriye, ba\u015fta Kimyasal Silahlar\u0131n Yasaklanmas\u0131 \u00d6rg\u00fct\u00fc olmak \u00fczere \u00fclke ve kurulu\u015flardan uluslararas\u0131 akt\u00f6rleri a\u015f\u0131r\u0131l\u0131k\u00e7\u0131 ve ter\u00f6r \u00f6rg\u00fctleri taraf\u0131ndan y\u00fcr\u00fct\u00fclen bu kimyasal provokasyonlar\u0131n tehlikelerinden dikkatli olmaya \u00e7a\u011f\u0131rarak, Uluslararas\u0131 toplumun bu provokasyonlarla ciddi bir \u015fekilde ilgilenmesinin ve bu su\u00e7lar\u0131n siyasalla\u015ft\u0131r\u0131lmas\u0131na ve bunlarla m\u00fccadelede \u00e7ifte standart kullan\u0131lmas\u0131na izin vermemesinin \u00f6nemini vurgulad\u0131.<\/p>\n","protected":false},"excerpt":{"rendered":"<p>\u015eAM &#8211; Suriye, baz\u0131 Ukraynal\u0131 Nazi milliyet\u00e7i \u00f6rg\u00fctlerinin Rusya Federasyonu ve silahl\u0131 kuvvetlerini Donbass&#8217;taki sivil halka kar\u015f\u0131 kimyasal silah kullanmakla su\u00e7lamak i\u00e7in ger\u00e7ekle\u015ftirmeye \u00e7al\u0131\u015ft\u0131klar\u0131 provokasyonlar\u0131n tehlikelerine ili\u015fkin uyar\u0131lardan bahseden bilgilerden duydu\u011fu derin endi\u015feyi dile getirerek, Rusya Federasyonu&#8217;nun bu t\u00fcr provokasyonlara verdi\u011fi yan\u0131ttan duydu\u011fu memnuniyeti vurgulad\u0131. D\u0131\u015fi\u015fleri ve Gurbet\u00e7iler Bakanl\u0131\u011f\u0131&#8217;ndan resmi bir kaynak SANA&#8217;ya a\u00e7\u0131klamas\u0131nda: Suriye &hellip;<\/p>\n","protected":false},"author":1,"featured_media":253521,"comment_status":"closed","ping_status":"closed","sticky":false,"template":"","format":"standard","meta":{"footnotes":""},"categories":[479,17988,478],"tags":[],"class_list":["post-253520","post","type-post","status-publish","format-standard","has-post-thumbnail","","category-haberler-yerel","category-son-haberler","category-yerel"],"_links":{"self":[{"href":"https:\/\/archive.sana.sy\/tr\/index.php?rest_route=\/wp\/v2\/posts\/253520","targetHints":{"allow":["GET"]}}],"collection":[{"href":"https:\/\/archive.sana.sy\/tr\/index.php?rest_route=\/wp\/v2\/posts"}],"about":[{"href":"https:\/\/archive.sana.sy\/tr\/index.php?rest_route=\/wp\/v2\/types\/post"}],"author":[{"embeddable":true,"href":"https:\/\/archive.sana.sy\/tr\/index.php?rest_route=\/wp\/v2\/users\/1"}],"replies":[{"embeddable":true,"href":"https:\/\/archive.sana.sy\/tr\/index.php?rest_route=%2Fwp%2Fv2%2Fcomments&post=253520"}],"version-history":[{"count":0,"href":"https:\/\/archive.sana.sy\/tr\/index.php?rest_route=\/wp\/v2\/posts\/253520\/revisions"}],"wp:featuredmedia":[{"embeddable":true,"href":"https:\/\/archive.sana.sy\/tr\/index.php?rest_route=\/wp\/v2\/media\/253521"}],"wp:attachment":[{"href":"https:\/\/archive.sana.sy\/tr\/index.php?rest_route=%2Fwp%2Fv2%2Fmedia&parent=253520"}],"wp:term":[{"taxonomy":"category","embeddable":true,"href":"https:\/\/archive.sana.sy\/tr\/index.php?rest_route=%2Fwp%2Fv2%2Fcategories&post=253520"},{"taxonomy":"post_tag","embeddable":true,"href":"https:\/\/archive.sana.sy\/tr\/index.php?rest_route=%2Fwp%2Fv2%2Ftags&post=253520"}],"curies":[{"name":"wp","href":"https:\/\/api.w.org\/{rel}","templated":true}]}}