{"id":25355,"date":"2015-03-02T11:01:29","date_gmt":"2015-03-02T09:01:29","guid":{"rendered":"http:\/\/www.sana.sy\/tr\/?p=25355"},"modified":"2015-03-02T11:01:29","modified_gmt":"2015-03-02T09:01:29","slug":"suriye-ilkelere-bagli-ulusal-tutumlarinin-vergisini-oduyor","status":"publish","type":"post","link":"https:\/\/archive.sana.sy\/tr\/?p=25355","title":{"rendered":"Suriye \u0130lkelere Ba\u011fl\u0131 Ulusal Tutumlar\u0131n\u0131n Vergisini \u00d6d\u00fcyor"},"content":{"rendered":"<p>LAZK\u0130YE \u2013 Suriye Milli Sosyalist Partisi Politb\u00fcro \u00fcyesi Suphi Ya\u011fi, Suriye\u2019nin ilkelere ba\u011fl\u0131 ulusal tutumlar\u0131n\u0131n vergisini \u00f6dedi\u011fini belirterek, devlet kurumlar\u0131 etraf\u0131nda daha fazla kenetlenme, ter\u00f6rle m\u00fccadele ve buna kar\u015f\u0131 koymak i\u00e7in bir halk cephesinin ba\u015flat\u0131lmas\u0131 \u00e7a\u011fr\u0131s\u0131nda bulundu.<\/p>\n<p>Parti kurucusu Antun Saade\u2019nin 111. Do\u011fum y\u0131ld\u00f6n\u00fcm\u00fcnde Lazkiye Esad K\u00fclt\u00fcr Evinde yap\u0131lan t\u00f6rende yapt\u0131\u011f\u0131 konu\u015fmada Ya\u011fi, Suriye i\u00e7in \u015fehitler veren Suriye Milli Sosyalist Partisinin, \u0130skenderun ve Filistin\u2019den bir kar\u0131\u015f toprak i\u015fgal alt\u0131nda kald\u0131\u011f\u0131 s\u00fcrece azimeti ve and\u0131 \u00fczerinde kalaca\u011f\u0131na dikkat \u00e7ekti.<\/p>\n<p>\u00c7at\u0131\u015fmalara haz\u0131r olma ve direni\u015fin desteklenmesi talebinde bulunan Ya\u011fi, hali haz\u0131rda b\u00f6lgede d\u00f6nen sava\u015f\u0131n bilimsel ve uygar her ba\u015far\u0131daki uygar kimlik sava\u015f\u0131 oldu\u011funu buna delilin d\u00fc\u015f\u00fcnce ve bilim adamlar\u0131n\u0131n hedef al\u0131nmas\u0131 oldu\u011funu vurgulad\u0131.<\/p>\n<p>Lazkiye Y\u00fcr\u00fctme Sekretaryas\u0131ndan Ferit Mur\u2019i, \u00d6\u011frenci Y\u00fcr\u00fctme Temsilcisi Ahd Fendi, D\u00fc\u015f\u00fcn\u00fcr ve \u015eair Bessam Hanna, parti kurulu\u015funun ideolojik ve psikolojik anla\u015fmazl\u0131\u011f\u0131 ortadan kald\u0131rd\u0131\u011f\u0131n\u0131, sosyal ve siyasi kaosa s\u0131n\u0131r koydu\u011funu ve olan realiteyle daha iyiye do\u011fru kalk\u0131nmaya \u00e7al\u0131\u015ft\u0131\u011f\u0131na i\u015faret ederek, parti kurucusu Saade\u2019nin d\u00fc\u015f\u00fcn\u00fcr oldu\u011funu ideolojiden uygulamaya ge\u00e7ti\u011fine dikkat \u00e7ektiler.<\/p>\n<div id='gallery-1' class='gallery galleryid-25355 gallery-columns-3 gallery-size-thumbnail'><figure class='gallery-item'>\n\t\t\t<div class='gallery-icon landscape'>\n\t\t\t\t<a href='https:\/\/archive.sana.sy\/tr\/wp-content\/uploads\/2015\/03\/lazkiye-2.jpg'><img loading=\"lazy\" decoding=\"async\" width=\"150\" height=\"113\" src=\"https:\/\/archive.sana.sy\/tr\/wp-content\/uploads\/2015\/03\/lazkiye-2-150x113.jpg\" class=\"attachment-thumbnail size-thumbnail\" alt=\"\" srcset=\"https:\/\/archive.sana.sy\/tr\/wp-content\/uploads\/2015\/03\/lazkiye-2-150x113.jpg 150w, https:\/\/archive.sana.sy\/tr\/wp-content\/uploads\/2015\/03\/lazkiye-2-300x225.jpg 300w, https:\/\/archive.sana.sy\/tr\/wp-content\/uploads\/2015\/03\/lazkiye-2-1024x768.jpg 1024w, https:\/\/archive.sana.sy\/tr\/wp-content\/uploads\/2015\/03\/lazkiye-2.jpg 2016w\" sizes=\"auto, (max-width: 150px) 100vw, 150px\" \/><\/a>\n\t\t\t<\/div><\/figure><figure class='gallery-item'>\n\t\t\t<div class='gallery-icon landscape'>\n\t\t\t\t<a href='https:\/\/archive.sana.sy\/tr\/wp-content\/uploads\/2015\/03\/lazkiye-3.jpg'><img loading=\"lazy\" decoding=\"async\" width=\"150\" height=\"113\" src=\"https:\/\/archive.sana.sy\/tr\/wp-content\/uploads\/2015\/03\/lazkiye-3-150x113.jpg\" class=\"attachment-thumbnail size-thumbnail\" alt=\"\" srcset=\"https:\/\/archive.sana.sy\/tr\/wp-content\/uploads\/2015\/03\/lazkiye-3-150x113.jpg 150w, https:\/\/archive.sana.sy\/tr\/wp-content\/uploads\/2015\/03\/lazkiye-3-300x225.jpg 300w, https:\/\/archive.sana.sy\/tr\/wp-content\/uploads\/2015\/03\/lazkiye-3-1024x768.jpg 1024w, https:\/\/archive.sana.sy\/tr\/wp-content\/uploads\/2015\/03\/lazkiye-3.jpg 2016w\" sizes=\"auto, (max-width: 150px) 100vw, 150px\" \/><\/a>\n\t\t\t<\/div><\/figure><figure class='gallery-item'>\n\t\t\t<div class='gallery-icon landscape'>\n\t\t\t\t<a href='https:\/\/archive.sana.sy\/tr\/wp-content\/uploads\/2015\/03\/lazkiye-4.jpg'><img loading=\"lazy\" decoding=\"async\" width=\"150\" height=\"113\" src=\"https:\/\/archive.sana.sy\/tr\/wp-content\/uploads\/2015\/03\/lazkiye-4-150x113.jpg\" class=\"attachment-thumbnail size-thumbnail\" alt=\"\" srcset=\"https:\/\/archive.sana.sy\/tr\/wp-content\/uploads\/2015\/03\/lazkiye-4-150x113.jpg 150w, https:\/\/archive.sana.sy\/tr\/wp-content\/uploads\/2015\/03\/lazkiye-4-300x225.jpg 300w, https:\/\/archive.sana.sy\/tr\/wp-content\/uploads\/2015\/03\/lazkiye-4-1024x768.jpg 1024w, https:\/\/archive.sana.sy\/tr\/wp-content\/uploads\/2015\/03\/lazkiye-4.jpg 2016w\" sizes=\"auto, (max-width: 150px) 100vw, 150px\" \/><\/a>\n\t\t\t<\/div><\/figure><figure class='gallery-item'>\n\t\t\t<div class='gallery-icon landscape'>\n\t\t\t\t<a href='https:\/\/archive.sana.sy\/tr\/wp-content\/uploads\/2015\/03\/lazkiye-5.jpg'><img loading=\"lazy\" decoding=\"async\" width=\"150\" height=\"113\" src=\"https:\/\/archive.sana.sy\/tr\/wp-content\/uploads\/2015\/03\/lazkiye-5-150x113.jpg\" class=\"attachment-thumbnail size-thumbnail\" alt=\"\" srcset=\"https:\/\/archive.sana.sy\/tr\/wp-content\/uploads\/2015\/03\/lazkiye-5-150x113.jpg 150w, https:\/\/archive.sana.sy\/tr\/wp-content\/uploads\/2015\/03\/lazkiye-5-300x225.jpg 300w, https:\/\/archive.sana.sy\/tr\/wp-content\/uploads\/2015\/03\/lazkiye-5-1024x768.jpg 1024w, https:\/\/archive.sana.sy\/tr\/wp-content\/uploads\/2015\/03\/lazkiye-5.jpg 2016w\" sizes=\"auto, (max-width: 150px) 100vw, 150px\" \/><\/a>\n\t\t\t<\/div><\/figure><figure class='gallery-item'>\n\t\t\t<div class='gallery-icon landscape'>\n\t\t\t\t<a href='https:\/\/archive.sana.sy\/tr\/wp-content\/uploads\/2015\/03\/lazkiye-6.jpg'><img loading=\"lazy\" decoding=\"async\" width=\"150\" height=\"113\" src=\"https:\/\/archive.sana.sy\/tr\/wp-content\/uploads\/2015\/03\/lazkiye-6-150x113.jpg\" class=\"attachment-thumbnail size-thumbnail\" alt=\"\" srcset=\"https:\/\/archive.sana.sy\/tr\/wp-content\/uploads\/2015\/03\/lazkiye-6-150x113.jpg 150w, https:\/\/archive.sana.sy\/tr\/wp-content\/uploads\/2015\/03\/lazkiye-6-300x225.jpg 300w, https:\/\/archive.sana.sy\/tr\/wp-content\/uploads\/2015\/03\/lazkiye-6-1024x768.jpg 1024w, https:\/\/archive.sana.sy\/tr\/wp-content\/uploads\/2015\/03\/lazkiye-6.jpg 2016w\" sizes=\"auto, (max-width: 150px) 100vw, 150px\" \/><\/a>\n\t\t\t<\/div><\/figure><figure class='gallery-item'>\n\t\t\t<div class='gallery-icon landscape'>\n\t\t\t\t<a href='https:\/\/archive.sana.sy\/tr\/wp-content\/uploads\/2015\/03\/lazkiye-7.jpg'><img loading=\"lazy\" decoding=\"async\" width=\"150\" height=\"113\" src=\"https:\/\/archive.sana.sy\/tr\/wp-content\/uploads\/2015\/03\/lazkiye-7-150x113.jpg\" class=\"attachment-thumbnail size-thumbnail\" alt=\"\" srcset=\"https:\/\/archive.sana.sy\/tr\/wp-content\/uploads\/2015\/03\/lazkiye-7-150x113.jpg 150w, https:\/\/archive.sana.sy\/tr\/wp-content\/uploads\/2015\/03\/lazkiye-7-300x225.jpg 300w, https:\/\/archive.sana.sy\/tr\/wp-content\/uploads\/2015\/03\/lazkiye-7-1024x768.jpg 1024w, https:\/\/archive.sana.sy\/tr\/wp-content\/uploads\/2015\/03\/lazkiye-7.jpg 2016w\" sizes=\"auto, (max-width: 150px) 100vw, 150px\" \/><\/a>\n\t\t\t<\/div><\/figure>\n\t\t<\/div>\n\n<p>S.\u015e &#8211; R.H.<\/p>\n","protected":false},"excerpt":{"rendered":"<p>LAZK\u0130YE \u2013 Suriye Milli Sosyalist Partisi Politb\u00fcro \u00fcyesi Suphi Ya\u011fi, Suriye\u2019nin ilkelere ba\u011fl\u0131 ulusal tutumlar\u0131n\u0131n vergisini \u00f6dedi\u011fini belirterek, devlet kurumlar\u0131 etraf\u0131nda daha fazla kenetlenme, ter\u00f6rle m\u00fccadele ve buna kar\u015f\u0131 koymak i\u00e7in bir halk cephesinin ba\u015flat\u0131lmas\u0131 \u00e7a\u011fr\u0131s\u0131nda bulundu. Parti kurucusu Antun Saade\u2019nin 111. Do\u011fum y\u0131ld\u00f6n\u00fcm\u00fcnde Lazkiye Esad K\u00fclt\u00fcr Evinde yap\u0131lan t\u00f6rende yapt\u0131\u011f\u0131 konu\u015fmada Ya\u011fi, Suriye i\u00e7in &hellip;<\/p>\n","protected":false},"author":1,"featured_media":25366,"comment_status":"closed","ping_status":"closed","sticky":false,"template":"","format":"standard","meta":{"footnotes":""},"categories":[479,478],"tags":[12041,12039,12040,12042],"class_list":["post-25355","post","type-post","status-publish","format-standard","has-post-thumbnail","","category-haberler-yerel","category-yerel","tag-devlet-kurumlari-etrafinda-daha-fazla-kenetlenme","tag-suriye-ilkelere-bagli-ulusal-tutumlarinin-vergisini-oduyor-lazkiye-suriye-milli-sosyalist-partisi-politburo-uyesi-suphi-yagi","tag-suriyenin-ilkelere-bagli-ulusal-tutumlarinin-vergisini-odedigini-belirterek","tag-terorle-mucadele-ve-buna-karsi-koymak-icin-bir-halk-cephesinin-baslatilmasi-cagrisinda-bulundu"],"_links":{"self":[{"href":"https:\/\/archive.sana.sy\/tr\/index.php?rest_route=\/wp\/v2\/posts\/25355","targetHints":{"allow":["GET"]}}],"collection":[{"href":"https:\/\/archive.sana.sy\/tr\/index.php?rest_route=\/wp\/v2\/posts"}],"about":[{"href":"https:\/\/archive.sana.sy\/tr\/index.php?rest_route=\/wp\/v2\/types\/post"}],"author":[{"embeddable":true,"href":"https:\/\/archive.sana.sy\/tr\/index.php?rest_route=\/wp\/v2\/users\/1"}],"replies":[{"embeddable":true,"href":"https:\/\/archive.sana.sy\/tr\/index.php?rest_route=%2Fwp%2Fv2%2Fcomments&post=25355"}],"version-history":[{"count":0,"href":"https:\/\/archive.sana.sy\/tr\/index.php?rest_route=\/wp\/v2\/posts\/25355\/revisions"}],"wp:featuredmedia":[{"embeddable":true,"href":"https:\/\/archive.sana.sy\/tr\/index.php?rest_route=\/wp\/v2\/media\/25366"}],"wp:attachment":[{"href":"https:\/\/archive.sana.sy\/tr\/index.php?rest_route=%2Fwp%2Fv2%2Fmedia&parent=25355"}],"wp:term":[{"taxonomy":"category","embeddable":true,"href":"https:\/\/archive.sana.sy\/tr\/index.php?rest_route=%2Fwp%2Fv2%2Fcategories&post=25355"},{"taxonomy":"post_tag","embeddable":true,"href":"https:\/\/archive.sana.sy\/tr\/index.php?rest_route=%2Fwp%2Fv2%2Ftags&post=25355"}],"curies":[{"name":"wp","href":"https:\/\/api.w.org\/{rel}","templated":true}]}}