{"id":25356,"date":"2015-03-02T10:55:28","date_gmt":"2015-03-02T08:55:28","guid":{"rendered":"http:\/\/www.sana.sy\/tr\/?p=25356"},"modified":"2015-03-02T10:54:36","modified_gmt":"2015-03-02T08:54:36","slug":"askeri-kaynak-ordu-birliklerimizin-hama-kirsalinin-rehcan-um-meyyal-faside-latamneh-ve-kefar-zettada-tekfiri-teror-orgutlerinden-cok-sayida-elemani-oldurduklerini-soyledi","status":"publish","type":"post","link":"https:\/\/archive.sana.sy\/tr\/?p=25356","title":{"rendered":"Askeri kaynak, ordu birliklerimizin Hama k\u0131rsal\u0131n\u0131n Rehcan, Um Meyyal, Faside, Latamneh ve Kefar Zetta\u2019da tekfiri ter\u00f6r \u00f6rg\u00fctlerinden \u00e7ok say\u0131da eleman\u0131 \u00f6ld\u00fcrd\u00fcklerini s\u00f6yledi."},"content":{"rendered":"<p>Askeri kaynak, ordu birliklerimizin Hama k\u0131rsal\u0131n\u0131n Rehcan, Um Meyyal, Faside, Latamneh ve Kefar Zetta\u2019da tekfiri ter\u00f6r \u00f6rg\u00fctlerinden \u00e7ok say\u0131da eleman\u0131 \u00f6ld\u00fcrd\u00fcklerini s\u00f6yledi.<\/p>\n","protected":false},"excerpt":{"rendered":"<p>Askeri kaynak, ordu birliklerimizin Hama k\u0131rsal\u0131n\u0131n Rehcan, Um Meyyal, Faside, Latamneh ve Kefar Zetta\u2019da tekfiri ter\u00f6r \u00f6rg\u00fctlerinden \u00e7ok say\u0131da eleman\u0131 \u00f6ld\u00fcrd\u00fcklerini s\u00f6yledi.<\/p>\n","protected":false},"author":1,"featured_media":0,"comment_status":"closed","ping_status":"closed","sticky":false,"template":"","format":"standard","meta":{"footnotes":""},"categories":[1],"tags":[],"class_list":["post-25356","post","type-post","status-publish","format-standard","","category-news-not-sorted"],"_links":{"self":[{"href":"https:\/\/archive.sana.sy\/tr\/index.php?rest_route=\/wp\/v2\/posts\/25356","targetHints":{"allow":["GET"]}}],"collection":[{"href":"https:\/\/archive.sana.sy\/tr\/index.php?rest_route=\/wp\/v2\/posts"}],"about":[{"href":"https:\/\/archive.sana.sy\/tr\/index.php?rest_route=\/wp\/v2\/types\/post"}],"author":[{"embeddable":true,"href":"https:\/\/archive.sana.sy\/tr\/index.php?rest_route=\/wp\/v2\/users\/1"}],"replies":[{"embeddable":true,"href":"https:\/\/archive.sana.sy\/tr\/index.php?rest_route=%2Fwp%2Fv2%2Fcomments&post=25356"}],"version-history":[{"count":0,"href":"https:\/\/archive.sana.sy\/tr\/index.php?rest_route=\/wp\/v2\/posts\/25356\/revisions"}],"wp:attachment":[{"href":"https:\/\/archive.sana.sy\/tr\/index.php?rest_route=%2Fwp%2Fv2%2Fmedia&parent=25356"}],"wp:term":[{"taxonomy":"category","embeddable":true,"href":"https:\/\/archive.sana.sy\/tr\/index.php?rest_route=%2Fwp%2Fv2%2Fcategories&post=25356"},{"taxonomy":"post_tag","embeddable":true,"href":"https:\/\/archive.sana.sy\/tr\/index.php?rest_route=%2Fwp%2Fv2%2Ftags&post=25356"}],"curies":[{"name":"wp","href":"https:\/\/api.w.org\/{rel}","templated":true}]}}