{"id":253606,"date":"2022-04-23T17:56:33","date_gmt":"2022-04-23T14:56:33","guid":{"rendered":"http:\/\/107.6.182.27\/tr\/?p=253606"},"modified":"2022-04-24T08:34:50","modified_gmt":"2022-04-24T05:34:50","slug":"dsg-milisleri-el-hol-kampinda-kaosa-ve-yuksek-suc-oranlarindan-faydalaniyor","status":"publish","type":"post","link":"https:\/\/archive.sana.sy\/tr\/?p=253606","title":{"rendered":"DSG Milisleri El Hol Kamp\u0131nda Kaosa Ve Y\u00fcksek Su\u00e7 Oranlar\u0131ndan Faydalan\u0131yor"},"content":{"rendered":"<p style=\"text-align: justify;\">HASEKE &#8211;\u00a0 Haseke&#8217;nin do\u011fusunda, Amerikan i\u015fgal g\u00fc\u00e7leriyle i\u015fbirli\u011fi i\u00e7inde &#8220;DSG&#8221; milisleri taraf\u0131ndan kontrol edilen ve kendi b\u00f6l\u00fcmlerinde ge\u00e7en hafta \u00e7ok say\u0131da cinayetin kaydedildi\u011fi el Hol m\u00fclteci kamp\u0131nda kaos ve g\u00fcvenlik kaosu s\u00fcr\u00fcyor.<\/p>\n<p style=\"text-align: justify;\">El Hol b\u00f6lgesindeki kaynaklar SANA muhabirine, son birka\u00e7 g\u00fcnd\u00fcr bir kad\u0131n\u0131n \u00f6ld\u00fcr\u00fclmesine tan\u0131k olan kamp\u0131n b\u00fcy\u00fck bir g\u00fcvenlik kaosu, silahlar\u0131n yay\u0131lmas\u0131 ve kamp sakinlerine y\u00f6nelik cinayet oranlar\u0131nda art\u0131\u015fa, kamp\u0131n d\u00f6rd\u00fcnc\u00fc b\u00f6l\u00fcm\u00fcnde bir k\u0131z\u0131n \u00f6ld\u00fcr\u00fclmesi ard\u0131ndan \u00e7arm\u0131ha gerilmesi ve ayn\u0131 b\u00f6l\u00fcmde bilinmeyen sebep ve sebeplerle gizemli olaylarda \u00f6ld\u00fcr\u00fclmesine tan\u0131k oldu\u011funu belirtiyor.<\/p>\n<p style=\"text-align: justify;\">Kaynaklar, kampta ya\u015fayan d\u00f6rt ki\u015finin ge\u00e7ti\u011fimiz \u00c7ar\u015famba g\u00fcn\u00fc susturulmu\u015f tabancalarla \u00f6l\u00fc bulundu\u011funu ve bunun da &#8220;DSG&#8221; milislerinin kamp i\u00e7inde bir g\u00fcvenlik istikrar\u0131 durumu empoze etme kabiliyetine dair umudunu yitiren sakinler aras\u0131nda bir korku ve ter\u00f6r durumuna yol a\u00e7t\u0131\u011f\u0131n\u0131 belirterek, milislerin silahl\u0131 adamlar\u0131n\u0131n kas\u0131tl\u0131 ihmalinin kampta kaosu art\u0131rd\u0131\u011f\u0131na ve G\u00fcvenlik eksikli\u011fi yaratt\u0131\u011f\u0131na i\u015faret etti.<\/p>\n<p style=\"text-align: justify;\">Haseke&#8217;nin do\u011fusundaki El Hol kamp\u0131, Irakl\u0131 m\u00fcltecileri \u00e7o\u011fu Deyrezzor ve Rakka k\u0131rsal\u0131 ile di\u011fer illerden gelen ve &#8220;DSG&#8221; milisleri taraf\u0131ndan Haseke \u015fehrine giri\u015fleri men edilen \u015fah\u0131slar\u0131 kaps\u0131yor.<\/p>\n","protected":false},"excerpt":{"rendered":"<p>HASEKE &#8211;\u00a0 Haseke&#8217;nin do\u011fusunda, Amerikan i\u015fgal g\u00fc\u00e7leriyle i\u015fbirli\u011fi i\u00e7inde &#8220;DSG&#8221; milisleri taraf\u0131ndan kontrol edilen ve kendi b\u00f6l\u00fcmlerinde ge\u00e7en hafta \u00e7ok say\u0131da cinayetin kaydedildi\u011fi el Hol m\u00fclteci kamp\u0131nda kaos ve g\u00fcvenlik kaosu s\u00fcr\u00fcyor. El Hol b\u00f6lgesindeki kaynaklar SANA muhabirine, son birka\u00e7 g\u00fcnd\u00fcr bir kad\u0131n\u0131n \u00f6ld\u00fcr\u00fclmesine tan\u0131k olan kamp\u0131n b\u00fcy\u00fck bir g\u00fcvenlik kaosu, silahlar\u0131n yay\u0131lmas\u0131 ve kamp &hellip;<\/p>\n","protected":false},"author":1,"featured_media":253607,"comment_status":"closed","ping_status":"closed","sticky":false,"template":"","format":"standard","meta":{"footnotes":""},"categories":[575,17988],"tags":[],"class_list":["post-253606","post","type-post","status-publish","format-standard","has-post-thumbnail","","category-olaylar-ve-gercekler","category-son-haberler"],"_links":{"self":[{"href":"https:\/\/archive.sana.sy\/tr\/index.php?rest_route=\/wp\/v2\/posts\/253606","targetHints":{"allow":["GET"]}}],"collection":[{"href":"https:\/\/archive.sana.sy\/tr\/index.php?rest_route=\/wp\/v2\/posts"}],"about":[{"href":"https:\/\/archive.sana.sy\/tr\/index.php?rest_route=\/wp\/v2\/types\/post"}],"author":[{"embeddable":true,"href":"https:\/\/archive.sana.sy\/tr\/index.php?rest_route=\/wp\/v2\/users\/1"}],"replies":[{"embeddable":true,"href":"https:\/\/archive.sana.sy\/tr\/index.php?rest_route=%2Fwp%2Fv2%2Fcomments&post=253606"}],"version-history":[{"count":0,"href":"https:\/\/archive.sana.sy\/tr\/index.php?rest_route=\/wp\/v2\/posts\/253606\/revisions"}],"wp:featuredmedia":[{"embeddable":true,"href":"https:\/\/archive.sana.sy\/tr\/index.php?rest_route=\/wp\/v2\/media\/253607"}],"wp:attachment":[{"href":"https:\/\/archive.sana.sy\/tr\/index.php?rest_route=%2Fwp%2Fv2%2Fmedia&parent=253606"}],"wp:term":[{"taxonomy":"category","embeddable":true,"href":"https:\/\/archive.sana.sy\/tr\/index.php?rest_route=%2Fwp%2Fv2%2Fcategories&post=253606"},{"taxonomy":"post_tag","embeddable":true,"href":"https:\/\/archive.sana.sy\/tr\/index.php?rest_route=%2Fwp%2Fv2%2Ftags&post=253606"}],"curies":[{"name":"wp","href":"https:\/\/api.w.org\/{rel}","templated":true}]}}