{"id":253615,"date":"2022-04-23T20:19:54","date_gmt":"2022-04-23T17:19:54","guid":{"rendered":"http:\/\/107.6.182.27\/tr\/?p=253615"},"modified":"2022-04-24T12:24:18","modified_gmt":"2022-04-24T09:24:18","slug":"halep-al-kellase-sanayi-bolgesinde-1-100-tesis-yeniden-calismaya-basladi","status":"publish","type":"post","link":"https:\/\/archive.sana.sy\/tr\/?p=253615","title":{"rendered":"Halep Al Kellase Sanayi B\u00f6lgesinde 1.100 Tesis Yeniden \u00c7al\u0131\u015fmaya Ba\u015flad\u0131"},"content":{"rendered":"<p style=\"text-align: justify;\">HALEP &#8211; Halep&#8217;teki Al Kellase sanayi b\u00f6lgesinde ter\u00f6r nedeniyle y\u0131k\u0131ma u\u011frayan 1.100 tesis, elektrik ve altyap\u0131 gibi t\u00fcm temel ihtiya\u00e7lar\u0131 kar\u015f\u0131lanarak yeniden hizmete a\u00e7\u0131ld\u0131.<\/p>\n<p style=\"text-align: justify;\">Al Kellase Sanayi Komitesi ba\u015fkan\u0131 Muhammed Nedim Atra\u015f SANA muhabirine yapt\u0131\u011f\u0131 a\u00e7\u0131klamada, Al Kellase b\u00f6lgesinin en eski sanayi b\u00f6lgelerinden biri oldu\u011funu ve \u00e7e\u015fitli end\u00fcstriler i\u00e7in kapsaml\u0131 olmas\u0131n\u0131n onu bir k\u00f6\u015fe ta\u015f\u0131 ve \u00f6nemli bir yard\u0131mc\u0131 b\u00f6lge haline getirmeye katk\u0131da bulundu\u011funu, tesislerinin y\u00fczde 50&#8217;sini olu\u015fturan m\u00fchendislik, kimya, g\u0131da, plastik ve tekstil gibi bir\u00e7ok sekt\u00f6r i\u00e7in \u00f6rme kuma\u015f, yuvarlak dokuma ve her t\u00fcrl\u00fc kuma\u015f \u00fcretimi konusunda uzmanla\u015ft\u0131\u011f\u0131n\u0131 a\u00e7\u0131klad\u0131.<\/p>\n<p style=\"text-align: justify;\">Atra\u015f, sanayicilerin \u00fcretim art\u0131\u015f\u0131na katk\u0131 sa\u011flayacak elektrik besleme saatlerinin art\u0131r\u0131lmas\u0131 taleplerinin kar\u015f\u0131lanmas\u0131, Halep&#8217;te d\u00fczenlenen \u0130kinci Tekstil End\u00fcstrileri Forumu&#8217;nun tavsiyelerinin harekete ge\u00e7irilmesi, gerekli hammaddelerin temini ve sanayicilerin i\u015flerinin kar\u015f\u0131 kar\u015f\u0131ya oldu\u011fu zorluklar\u0131n a\u015f\u0131lmas\u0131 \u00e7a\u011fr\u0131s\u0131nda bulundu.<\/p>\n<p style=\"text-align: justify;\">Bir tekstil \u00fcretim tesisinin sahibi Ziyad Vafid, SANA muhabirine ter\u00f6r\u00fcn yol a\u00e7t\u0131\u011f\u0131 y\u0131k\u0131m\u0131n ard\u0131ndan tesisi restore etmek ve rehabilite etmek i\u00e7in \u00e7al\u0131\u015ft\u0131\u011f\u0131n\u0131 a\u00e7\u0131klayarak, tesisinin t\u00fcm ipliklerden kuma\u015f \u00fcretiminde uzmanla\u015ft\u0131\u011f\u0131na dikkat \u00e7ekti.<\/p>\n","protected":false},"excerpt":{"rendered":"<p>HALEP &#8211; Halep&#8217;teki Al Kellase sanayi b\u00f6lgesinde ter\u00f6r nedeniyle y\u0131k\u0131ma u\u011frayan 1.100 tesis, elektrik ve altyap\u0131 gibi t\u00fcm temel ihtiya\u00e7lar\u0131 kar\u015f\u0131lanarak yeniden hizmete a\u00e7\u0131ld\u0131. Al Kellase Sanayi Komitesi ba\u015fkan\u0131 Muhammed Nedim Atra\u015f SANA muhabirine yapt\u0131\u011f\u0131 a\u00e7\u0131klamada, Al Kellase b\u00f6lgesinin en eski sanayi b\u00f6lgelerinden biri oldu\u011funu ve \u00e7e\u015fitli end\u00fcstriler i\u00e7in kapsaml\u0131 olmas\u0131n\u0131n onu bir k\u00f6\u015fe ta\u015f\u0131 &hellip;<\/p>\n","protected":false},"author":1,"featured_media":253616,"comment_status":"closed","ping_status":"closed","sticky":false,"template":"","format":"standard","meta":{"footnotes":""},"categories":[485,479,17988,478],"tags":[],"class_list":["post-253615","post","type-post","status-publish","format-standard","has-post-thumbnail","","category-is-ve-sermaye","category-haberler-yerel","category-son-haberler","category-yerel"],"_links":{"self":[{"href":"https:\/\/archive.sana.sy\/tr\/index.php?rest_route=\/wp\/v2\/posts\/253615","targetHints":{"allow":["GET"]}}],"collection":[{"href":"https:\/\/archive.sana.sy\/tr\/index.php?rest_route=\/wp\/v2\/posts"}],"about":[{"href":"https:\/\/archive.sana.sy\/tr\/index.php?rest_route=\/wp\/v2\/types\/post"}],"author":[{"embeddable":true,"href":"https:\/\/archive.sana.sy\/tr\/index.php?rest_route=\/wp\/v2\/users\/1"}],"replies":[{"embeddable":true,"href":"https:\/\/archive.sana.sy\/tr\/index.php?rest_route=%2Fwp%2Fv2%2Fcomments&post=253615"}],"version-history":[{"count":0,"href":"https:\/\/archive.sana.sy\/tr\/index.php?rest_route=\/wp\/v2\/posts\/253615\/revisions"}],"wp:featuredmedia":[{"embeddable":true,"href":"https:\/\/archive.sana.sy\/tr\/index.php?rest_route=\/wp\/v2\/media\/253616"}],"wp:attachment":[{"href":"https:\/\/archive.sana.sy\/tr\/index.php?rest_route=%2Fwp%2Fv2%2Fmedia&parent=253615"}],"wp:term":[{"taxonomy":"category","embeddable":true,"href":"https:\/\/archive.sana.sy\/tr\/index.php?rest_route=%2Fwp%2Fv2%2Fcategories&post=253615"},{"taxonomy":"post_tag","embeddable":true,"href":"https:\/\/archive.sana.sy\/tr\/index.php?rest_route=%2Fwp%2Fv2%2Ftags&post=253615"}],"curies":[{"name":"wp","href":"https:\/\/api.w.org\/{rel}","templated":true}]}}