{"id":25373,"date":"2015-03-02T11:24:08","date_gmt":"2015-03-02T09:24:08","guid":{"rendered":"http:\/\/www.sana.sy\/tr\/?p=25373"},"modified":"2015-03-02T11:24:46","modified_gmt":"2015-03-02T09:24:46","slug":"askeri-kaynak-ordu-birliklerimizin-hama-kirsalinin-lucat-koyu-ve-latamnenin-guneyinde-anti-zirh-usleri-agir-taramali-silah-ve-toplar-yani-sira-terorist-tasiyan-12-arac-ve-3-zirhli-araclari","status":"publish","type":"post","link":"https:\/\/archive.sana.sy\/tr\/?p=25373","title":{"rendered":"Askeri kaynak, ordu birliklerimizin Hama k\u0131rsal\u0131n\u0131n Lucat K\u00f6y\u00fc ve Latamne\u2019nin g\u00fcneyinde anti z\u0131rh \u00fcsleri, a\u011f\u0131r taramal\u0131 silah ve toplar yan\u0131 s\u0131ra ter\u00f6rist ta\u015f\u0131yan 12 ara\u00e7, ve 3 z\u0131rhl\u0131 ara\u00e7lar\u0131n\u0131 imha ederek bir ara\u00e7lar\u0131n\u0131 da ele ge\u00e7irdiklerini belirtti."},"content":{"rendered":"<p>Askeri kaynak, ordu birliklerimizinHama k\u0131rsal\u0131n\u0131n Lucat K\u00f6y\u00fc ve Latamne\u2019nin g\u00fcneyinde anti-z\u0131rh\u00a0\u00fcsleri, a\u011f\u0131r taramal\u0131 silah ve toplar yan\u0131 s\u0131ra ter\u00f6rist ta\u015f\u0131yan 12 ara\u00e7, ve 3 z\u0131rhl\u0131 ara\u00e7lar\u0131n\u0131 imha ederek bir ara\u00e7lar\u0131n\u0131 da ele ge\u00e7irdiklerini belirtti.<\/p>\n","protected":false},"excerpt":{"rendered":"<p>Askeri kaynak, ordu birliklerimizinHama k\u0131rsal\u0131n\u0131n Lucat K\u00f6y\u00fc ve Latamne\u2019nin g\u00fcneyinde anti-z\u0131rh\u00a0\u00fcsleri, a\u011f\u0131r taramal\u0131 silah ve toplar yan\u0131 s\u0131ra ter\u00f6rist ta\u015f\u0131yan 12 ara\u00e7, ve 3 z\u0131rhl\u0131 ara\u00e7lar\u0131n\u0131 imha ederek bir ara\u00e7lar\u0131n\u0131 da ele ge\u00e7irdiklerini belirtti.<\/p>\n","protected":false},"author":1,"featured_media":0,"comment_status":"closed","ping_status":"closed","sticky":false,"template":"","format":"standard","meta":{"footnotes":""},"categories":[1],"tags":[12050,1031,12049,12051],"class_list":["post-25373","post","type-post","status-publish","format-standard","","category-news-not-sorted","tag-agir-taramali-silah-ve-toplar-yani-sira-terorist-tasiyan-12-arac","tag-askeri-kaynak","tag-ordu-birliklerimizinhama-kirsalinin-lucat-koyu-ve-latamnenin-guneyinde-anti-zirh-usleri","tag-ve-3-zirhli-araclarini-imha-ederek-bir-araclarini-da-ele-gecirdiklerini-belirtti"],"_links":{"self":[{"href":"https:\/\/archive.sana.sy\/tr\/index.php?rest_route=\/wp\/v2\/posts\/25373","targetHints":{"allow":["GET"]}}],"collection":[{"href":"https:\/\/archive.sana.sy\/tr\/index.php?rest_route=\/wp\/v2\/posts"}],"about":[{"href":"https:\/\/archive.sana.sy\/tr\/index.php?rest_route=\/wp\/v2\/types\/post"}],"author":[{"embeddable":true,"href":"https:\/\/archive.sana.sy\/tr\/index.php?rest_route=\/wp\/v2\/users\/1"}],"replies":[{"embeddable":true,"href":"https:\/\/archive.sana.sy\/tr\/index.php?rest_route=%2Fwp%2Fv2%2Fcomments&post=25373"}],"version-history":[{"count":0,"href":"https:\/\/archive.sana.sy\/tr\/index.php?rest_route=\/wp\/v2\/posts\/25373\/revisions"}],"wp:attachment":[{"href":"https:\/\/archive.sana.sy\/tr\/index.php?rest_route=%2Fwp%2Fv2%2Fmedia&parent=25373"}],"wp:term":[{"taxonomy":"category","embeddable":true,"href":"https:\/\/archive.sana.sy\/tr\/index.php?rest_route=%2Fwp%2Fv2%2Fcategories&post=25373"},{"taxonomy":"post_tag","embeddable":true,"href":"https:\/\/archive.sana.sy\/tr\/index.php?rest_route=%2Fwp%2Fv2%2Ftags&post=25373"}],"curies":[{"name":"wp","href":"https:\/\/api.w.org\/{rel}","templated":true}]}}