{"id":25379,"date":"2015-03-02T11:45:08","date_gmt":"2015-03-02T09:45:08","guid":{"rendered":"http:\/\/www.sana.sy\/tr\/?p=25379"},"modified":"2015-03-02T11:43:52","modified_gmt":"2015-03-02T09:43:52","slug":"askeri-kaynak-ordu-birliklerimizin-lazkiye-kuzey-kirsalinin-rebia-hulva-yolu-ravda-dervisan-ve-karakfi-daginda-cok-sayida-teroristi-oldurduklerini-soyledi","status":"publish","type":"post","link":"https:\/\/archive.sana.sy\/tr\/?p=25379","title":{"rendered":"Askeri kaynak, ordu birliklerimizin Lazkiye kuzey k\u0131rsal\u0131n\u0131n Rebia-Hulva yolu, Ravda, Dervi\u015fan ve Karakfi Da\u011f\u0131nda \u00e7ok say\u0131da ter\u00f6risti \u00f6ld\u00fcrd\u00fcklerini s\u00f6yledi."},"content":{"rendered":"<p>Askeri kaynak, ordu birliklerimizin Lazkiye kuzey k\u0131rsal\u0131n\u0131n Rebia-Hulva yolu, Ravda, Dervi\u015fan ve Karakfi Da\u011f\u0131nda \u00e7ok say\u0131da ter\u00f6risti \u00f6ld\u00fcrd\u00fcklerini s\u00f6yledi.<\/p>\n","protected":false},"excerpt":{"rendered":"<p>Askeri kaynak, ordu birliklerimizin Lazkiye kuzey k\u0131rsal\u0131n\u0131n Rebia-Hulva yolu, Ravda, Dervi\u015fan ve Karakfi Da\u011f\u0131nda \u00e7ok say\u0131da ter\u00f6risti \u00f6ld\u00fcrd\u00fcklerini s\u00f6yledi.<\/p>\n","protected":false},"author":1,"featured_media":0,"comment_status":"closed","ping_status":"closed","sticky":false,"template":"","format":"standard","meta":{"footnotes":""},"categories":[1],"tags":[1031,12057,12055,12056],"class_list":["post-25379","post","type-post","status-publish","format-standard","","category-news-not-sorted","tag-askeri-kaynak","tag-dervisan-ve-karakfi-daginda-cok-sayida-teroristi-oldurduklerini-soyledi","tag-ordu-birliklerimizin-lazkiye-kuzey-kirsalinin-rebia-hulva-yolu","tag-ravda"],"_links":{"self":[{"href":"https:\/\/archive.sana.sy\/tr\/index.php?rest_route=\/wp\/v2\/posts\/25379","targetHints":{"allow":["GET"]}}],"collection":[{"href":"https:\/\/archive.sana.sy\/tr\/index.php?rest_route=\/wp\/v2\/posts"}],"about":[{"href":"https:\/\/archive.sana.sy\/tr\/index.php?rest_route=\/wp\/v2\/types\/post"}],"author":[{"embeddable":true,"href":"https:\/\/archive.sana.sy\/tr\/index.php?rest_route=\/wp\/v2\/users\/1"}],"replies":[{"embeddable":true,"href":"https:\/\/archive.sana.sy\/tr\/index.php?rest_route=%2Fwp%2Fv2%2Fcomments&post=25379"}],"version-history":[{"count":0,"href":"https:\/\/archive.sana.sy\/tr\/index.php?rest_route=\/wp\/v2\/posts\/25379\/revisions"}],"wp:attachment":[{"href":"https:\/\/archive.sana.sy\/tr\/index.php?rest_route=%2Fwp%2Fv2%2Fmedia&parent=25379"}],"wp:term":[{"taxonomy":"category","embeddable":true,"href":"https:\/\/archive.sana.sy\/tr\/index.php?rest_route=%2Fwp%2Fv2%2Fcategories&post=25379"},{"taxonomy":"post_tag","embeddable":true,"href":"https:\/\/archive.sana.sy\/tr\/index.php?rest_route=%2Fwp%2Fv2%2Ftags&post=25379"}],"curies":[{"name":"wp","href":"https:\/\/api.w.org\/{rel}","templated":true}]}}