{"id":25381,"date":"2015-03-02T11:57:08","date_gmt":"2015-03-02T09:57:08","guid":{"rendered":"http:\/\/www.sana.sy\/tr\/?p=25381"},"modified":"2015-03-02T11:57:08","modified_gmt":"2015-03-02T09:57:08","slug":"askeri-kaynak-ordu-birliklerimizin-sam-kirsali-kalamun-daglarinda-cok-sayida-teroristi-oldurerek-teroristlere-ait-bir-cok-araci-da-imha-ettiklerini-soyledi","status":"publish","type":"post","link":"https:\/\/archive.sana.sy\/tr\/?p=25381","title":{"rendered":"Askeri kaynak, ordu birliklerimizin \u015eam K\u0131rsal\u0131 Kalamun Da\u011flar\u0131nda \u00e7ok say\u0131da ter\u00f6risti \u00f6ld\u00fcrerek ter\u00f6ristlere ait bir \u00e7ok arac\u0131 da imha ettiklerini s\u00f6yledi."},"content":{"rendered":"<p>Askeri kaynak, ordu birliklerimizin \u015eam K\u0131rsal\u0131 Kalamun Da\u011flar\u0131nda \u00e7ok say\u0131da ter\u00f6risti \u00f6ld\u00fcrerek ter\u00f6ristlere ait bir \u00e7ok arac\u0131 da imha ettiklerini s\u00f6yledi.<\/p>\n","protected":false},"excerpt":{"rendered":"<p>Askeri kaynak, ordu birliklerimizin \u015eam K\u0131rsal\u0131 Kalamun Da\u011flar\u0131nda \u00e7ok say\u0131da ter\u00f6risti \u00f6ld\u00fcrerek ter\u00f6ristlere ait bir \u00e7ok arac\u0131 da imha ettiklerini s\u00f6yledi.<\/p>\n","protected":false},"author":1,"featured_media":0,"comment_status":"closed","ping_status":"closed","sticky":false,"template":"","format":"standard","meta":{"footnotes":""},"categories":[1],"tags":[1031,12058],"class_list":["post-25381","post","type-post","status-publish","format-standard","","category-news-not-sorted","tag-askeri-kaynak","tag-ordu-birliklerimizin-sam-kirsali-kalamun-daglarinda-cok-sayida-teroristi-oldurerek-teroristlere-ait-bir-cok-araci-da-imha-ettiklerini-soyledi"],"_links":{"self":[{"href":"https:\/\/archive.sana.sy\/tr\/index.php?rest_route=\/wp\/v2\/posts\/25381","targetHints":{"allow":["GET"]}}],"collection":[{"href":"https:\/\/archive.sana.sy\/tr\/index.php?rest_route=\/wp\/v2\/posts"}],"about":[{"href":"https:\/\/archive.sana.sy\/tr\/index.php?rest_route=\/wp\/v2\/types\/post"}],"author":[{"embeddable":true,"href":"https:\/\/archive.sana.sy\/tr\/index.php?rest_route=\/wp\/v2\/users\/1"}],"replies":[{"embeddable":true,"href":"https:\/\/archive.sana.sy\/tr\/index.php?rest_route=%2Fwp%2Fv2%2Fcomments&post=25381"}],"version-history":[{"count":0,"href":"https:\/\/archive.sana.sy\/tr\/index.php?rest_route=\/wp\/v2\/posts\/25381\/revisions"}],"wp:attachment":[{"href":"https:\/\/archive.sana.sy\/tr\/index.php?rest_route=%2Fwp%2Fv2%2Fmedia&parent=25381"}],"wp:term":[{"taxonomy":"category","embeddable":true,"href":"https:\/\/archive.sana.sy\/tr\/index.php?rest_route=%2Fwp%2Fv2%2Fcategories&post=25381"},{"taxonomy":"post_tag","embeddable":true,"href":"https:\/\/archive.sana.sy\/tr\/index.php?rest_route=%2Fwp%2Fv2%2Ftags&post=25381"}],"curies":[{"name":"wp","href":"https:\/\/api.w.org\/{rel}","templated":true}]}}