{"id":253825,"date":"2022-04-25T14:57:05","date_gmt":"2022-04-25T11:57:05","guid":{"rendered":"http:\/\/107.6.182.27\/tr\/?p=253825"},"modified":"2022-04-26T09:19:12","modified_gmt":"2022-04-26T06:19:12","slug":"dsg-milisleri-rakka-koylerinde-bir-sivili-oldurdu-bazilarini-kacirdi","status":"publish","type":"post","link":"https:\/\/archive.sana.sy\/tr\/?p=253825","title":{"rendered":"DSG Milisleri, Rakka K\u00f6ylerinde Bir Sivili \u00d6ld\u00fcrd\u00fc, Baz\u0131lar\u0131n\u0131 Ka\u00e7\u0131rd\u0131"},"content":{"rendered":"<p style=\"text-align: justify;\">RAKKA &#8211; Rakka&#8217;n\u0131n kuzeyindeki M4 uluslararas\u0131 karayolu \u00fczerinde arac\u0131n\u0131 hedef alan ayr\u0131l\u0131k\u00e7\u0131 &#8220;DSG&#8221; milislerinin kur\u015funlar\u0131yla bir sivil hayat\u0131n\u0131 kaybederken, &#8220;DSG&#8221; milisleri de valilik k\u0131rsal\u0131ndaki Hazime k\u00f6y ve El Re\u015fid kamp\u0131ndan da baz\u0131 sivilleri ka\u00e7\u0131rd\u0131.<\/p>\n<p style=\"text-align: justify;\">Yerel kaynaklar SANA muhabirine verdi\u011fi deme\u00e7te, silahl\u0131 bir grubun Rakka&#8217;n\u0131n kuzeyindeki uluslararas\u0131 M4 karayolu \u00fczerinde \u00f6zel bir otomobili canl\u0131 mermilerle hedef ald\u0131\u011f\u0131n\u0131, bunun sonucunda Al Turvaziye k\u00f6y\u00fcnde ikamet eden \u015fof\u00f6r\u00fcn\u00fcn \u00f6l\u00fcm\u00fcne yol a\u00e7t\u0131\u011f\u0131n\u0131 s\u00f6yledi.<\/p>\n<p style=\"text-align: justify;\">Kaynaklar\u0131n belirtti\u011fine g\u00f6re; &#8220;DSG&#8221; milislerine ba\u011fl\u0131 silahl\u0131 bir grup, kontrol etti\u011fi b\u00f6lgelerdeki kamusal hayata y\u00f6nelik sald\u0131r\u0131lar\u0131 kapsam\u0131nda kuzey k\u0131rsal\u0131ndaki Hazime k\u00f6y\u00fcnde evlere bask\u0131n d\u00fczenleyerek iki genci ka\u00e7\u0131rarak yak\u0131ndaki karargahlar\u0131ndan birine s\u00fcrd\u00fc\u011f\u00fcn\u00fc s\u00f6yledi.<\/p>\n<p style=\"text-align: justify;\">Bat\u0131 k\u0131rsal\u0131nda da sivil kaynaklar, \u201cDSG\u201d milislerinin El Re\u015fid kamp\u0131na bask\u0131n d\u00fczenledi\u011fine ve nedenlerini ve onlar\u0131 nereye g\u00f6t\u00fcrd\u00fcklerini bilmeden gen\u00e7 erkekler de dahil olmak \u00fczere \u00e7ok say\u0131da sakinini ka\u00e7\u0131rd\u0131\u011f\u0131na dikkat \u00e7ekti.<\/p>\n","protected":false},"excerpt":{"rendered":"<p>RAKKA &#8211; Rakka&#8217;n\u0131n kuzeyindeki M4 uluslararas\u0131 karayolu \u00fczerinde arac\u0131n\u0131 hedef alan ayr\u0131l\u0131k\u00e7\u0131 &#8220;DSG&#8221; milislerinin kur\u015funlar\u0131yla bir sivil hayat\u0131n\u0131 kaybederken, &#8220;DSG&#8221; milisleri de valilik k\u0131rsal\u0131ndaki Hazime k\u00f6y ve El Re\u015fid kamp\u0131ndan da baz\u0131 sivilleri ka\u00e7\u0131rd\u0131. Yerel kaynaklar SANA muhabirine verdi\u011fi deme\u00e7te, silahl\u0131 bir grubun Rakka&#8217;n\u0131n kuzeyindeki uluslararas\u0131 M4 karayolu \u00fczerinde \u00f6zel bir otomobili canl\u0131 mermilerle hedef &hellip;<\/p>\n","protected":false},"author":1,"featured_media":253826,"comment_status":"closed","ping_status":"closed","sticky":false,"template":"","format":"standard","meta":{"footnotes":""},"categories":[479,575,17988,478],"tags":[],"class_list":["post-253825","post","type-post","status-publish","format-standard","has-post-thumbnail","","category-haberler-yerel","category-olaylar-ve-gercekler","category-son-haberler","category-yerel"],"_links":{"self":[{"href":"https:\/\/archive.sana.sy\/tr\/index.php?rest_route=\/wp\/v2\/posts\/253825","targetHints":{"allow":["GET"]}}],"collection":[{"href":"https:\/\/archive.sana.sy\/tr\/index.php?rest_route=\/wp\/v2\/posts"}],"about":[{"href":"https:\/\/archive.sana.sy\/tr\/index.php?rest_route=\/wp\/v2\/types\/post"}],"author":[{"embeddable":true,"href":"https:\/\/archive.sana.sy\/tr\/index.php?rest_route=\/wp\/v2\/users\/1"}],"replies":[{"embeddable":true,"href":"https:\/\/archive.sana.sy\/tr\/index.php?rest_route=%2Fwp%2Fv2%2Fcomments&post=253825"}],"version-history":[{"count":0,"href":"https:\/\/archive.sana.sy\/tr\/index.php?rest_route=\/wp\/v2\/posts\/253825\/revisions"}],"wp:featuredmedia":[{"embeddable":true,"href":"https:\/\/archive.sana.sy\/tr\/index.php?rest_route=\/wp\/v2\/media\/253826"}],"wp:attachment":[{"href":"https:\/\/archive.sana.sy\/tr\/index.php?rest_route=%2Fwp%2Fv2%2Fmedia&parent=253825"}],"wp:term":[{"taxonomy":"category","embeddable":true,"href":"https:\/\/archive.sana.sy\/tr\/index.php?rest_route=%2Fwp%2Fv2%2Fcategories&post=253825"},{"taxonomy":"post_tag","embeddable":true,"href":"https:\/\/archive.sana.sy\/tr\/index.php?rest_route=%2Fwp%2Fv2%2Ftags&post=253825"}],"curies":[{"name":"wp","href":"https:\/\/api.w.org\/{rel}","templated":true}]}}