{"id":253828,"date":"2022-04-25T14:58:57","date_gmt":"2022-04-25T11:58:57","guid":{"rendered":"http:\/\/107.6.182.27\/tr\/?p=253828"},"modified":"2022-04-26T08:22:10","modified_gmt":"2022-04-26T05:22:10","slug":"rus-hava-savunmasi-kursk-ilinde-iki-insansiz-hava-aracini-dusurdu","status":"publish","type":"post","link":"https:\/\/archive.sana.sy\/tr\/?p=253828","title":{"rendered":"Rus Hava Savunmas\u0131 Kursk \u0130linde \u0130ki \u0130nsans\u0131z Hava Arac\u0131n\u0131 D\u00fc\u015f\u00fcrd\u00fc"},"content":{"rendered":"<p style=\"text-align: justify;\">MOSKOVA &#8211; Rus Hava Savunma Kuvvetleri bug\u00fcn, Rusya&#8217;n\u0131n Kursk Eyaletine ba\u011fl\u0131 Borovskoye k\u00f6y\u00fcnde (Ukrayna kuvvetlerine ait) iki insans\u0131z hava arac\u0131n\u0131 d\u00fc\u015f\u00fcrd\u00fc.<\/p>\n<p style=\"text-align: justify;\">Eyalet valisi Roman Starovit, bug\u00fcn Telegram sayfas\u0131nda yapt\u0131\u011f\u0131 a\u00e7\u0131klamada, &#8220;Sabah 04:15&#8217;te Rus hava savunma sistemleri Ukrayna ordusuna ait iki \u0130HA&#8217;y\u0131 vurdu ve bu olay can ve mal kayb\u0131na, yaralanmaya veya y\u0131k\u0131ma yol a\u00e7mad\u0131. durum hala tamamen kontrol alt\u0131nda&#8221; dedi.<\/p>\n","protected":false},"excerpt":{"rendered":"<p>MOSKOVA &#8211; Rus Hava Savunma Kuvvetleri bug\u00fcn, Rusya&#8217;n\u0131n Kursk Eyaletine ba\u011fl\u0131 Borovskoye k\u00f6y\u00fcnde (Ukrayna kuvvetlerine ait) iki insans\u0131z hava arac\u0131n\u0131 d\u00fc\u015f\u00fcrd\u00fc. Eyalet valisi Roman Starovit, bug\u00fcn Telegram sayfas\u0131nda yapt\u0131\u011f\u0131 a\u00e7\u0131klamada, &#8220;Sabah 04:15&#8217;te Rus hava savunma sistemleri Ukrayna ordusuna ait iki \u0130HA&#8217;y\u0131 vurdu ve bu olay can ve mal kayb\u0131na, yaralanmaya veya y\u0131k\u0131ma yol a\u00e7mad\u0131. durum &hellip;<\/p>\n","protected":false},"author":1,"featured_media":253829,"comment_status":"closed","ping_status":"closed","sticky":false,"template":"","format":"standard","meta":{"footnotes":""},"categories":[458,459,17988],"tags":[],"class_list":["post-253828","post","type-post","status-publish","format-standard","has-post-thumbnail","","category-dunya1","category-haberler-arap-uluslararasi-politika","category-son-haberler"],"_links":{"self":[{"href":"https:\/\/archive.sana.sy\/tr\/index.php?rest_route=\/wp\/v2\/posts\/253828","targetHints":{"allow":["GET"]}}],"collection":[{"href":"https:\/\/archive.sana.sy\/tr\/index.php?rest_route=\/wp\/v2\/posts"}],"about":[{"href":"https:\/\/archive.sana.sy\/tr\/index.php?rest_route=\/wp\/v2\/types\/post"}],"author":[{"embeddable":true,"href":"https:\/\/archive.sana.sy\/tr\/index.php?rest_route=\/wp\/v2\/users\/1"}],"replies":[{"embeddable":true,"href":"https:\/\/archive.sana.sy\/tr\/index.php?rest_route=%2Fwp%2Fv2%2Fcomments&post=253828"}],"version-history":[{"count":0,"href":"https:\/\/archive.sana.sy\/tr\/index.php?rest_route=\/wp\/v2\/posts\/253828\/revisions"}],"wp:featuredmedia":[{"embeddable":true,"href":"https:\/\/archive.sana.sy\/tr\/index.php?rest_route=\/wp\/v2\/media\/253829"}],"wp:attachment":[{"href":"https:\/\/archive.sana.sy\/tr\/index.php?rest_route=%2Fwp%2Fv2%2Fmedia&parent=253828"}],"wp:term":[{"taxonomy":"category","embeddable":true,"href":"https:\/\/archive.sana.sy\/tr\/index.php?rest_route=%2Fwp%2Fv2%2Fcategories&post=253828"},{"taxonomy":"post_tag","embeddable":true,"href":"https:\/\/archive.sana.sy\/tr\/index.php?rest_route=%2Fwp%2Fv2%2Ftags&post=253828"}],"curies":[{"name":"wp","href":"https:\/\/api.w.org\/{rel}","templated":true}]}}