{"id":253832,"date":"2022-04-25T15:00:35","date_gmt":"2022-04-25T12:00:35","guid":{"rendered":"http:\/\/107.6.182.27\/tr\/?p=253832"},"modified":"2022-04-26T08:22:48","modified_gmt":"2022-04-26T05:22:48","slug":"samdaki-meryemiye-katedralinde-pazartesi-sanli-paskalya-munaseberiyle-ayin-duzenlendi","status":"publish","type":"post","link":"https:\/\/archive.sana.sy\/tr\/?p=253832","title":{"rendered":"\u015eam&#8217;daki Meryemiye Katedrali&#8217;nde Pazartesi \u015eanl\u0131 Paskalya M\u00fcnaseberiyle Ayin D\u00fczenlendi"},"content":{"rendered":"<p style=\"text-align: justify;\">\u015eAM &#8211; Bu sabah Paskalya Pazartesisi vesilesiyle \u015eam&#8217;daki Meryemiye Katedrali&#8217;nde Rum Ortodokslar i\u00e7in Antakya Patri\u011fi ve T\u00fcm Do\u011fu Patri\u011fi Patrik X. Yuhanna ba\u015fkanl\u0131\u011f\u0131nda ilahi bir ayin d\u00fczenlendi.<\/p>\n<p style=\"text-align: justify;\">Patrik X. Yuhanna konu\u015fmas\u0131nda, \u015fanl\u0131 Paskalya bayram\u0131n\u0131n y\u00fcce anlamlar\u0131na vurgu yaparak, &#8220;Suriye&#8217;ye, topraklar\u0131n\u0131n birli\u011fi ve istikrar\u0131na dua ediyoruz&#8230; Sava\u015flar\u0131n y\u00fck\u00fcn\u00fc topraklar\u0131nda ta\u015f\u0131yan bu \u00fclke i\u00e7in dua ediyoruz. egemenli\u011fini ve haysiyetini savunmak i\u00e7in&#8230; ve sava\u015f\u0131n t\u00fcm etkilerini Ter\u00f6rden, yerinden edilmeden, haks\u0131z bir ku\u015fatmadan ve bo\u011fucu bir ekonomik krizi ta\u015f\u0131yan bu halk i\u00e7in dua ediyoruz&#8221; dedi.<\/p>\n<p style=\"text-align: justify;\">Patrik X. Yuhanna, Suriye&#8217;ye ge\u00e7im kayna\u011f\u0131 ve hayat\u0131n\u0131n en temel ihtiya\u00e7lar\u0131 olan vatanda\u015f\u0131 hedef ald\u0131\u011f\u0131 i\u00e7in tek tarafl\u0131 cebri ekonomik tedbirlerin kald\u0131r\u0131lmas\u0131 \u00e7a\u011fr\u0131s\u0131nda bulunurken, dokuz y\u0131ldan fazla bir s\u00fcre \u00f6nce ka\u00e7\u0131r\u0131lan Halep Ba\u015fpiskoposlar\u0131 Yuhanna \u0130brahim ve Paul Yaz\u0131c\u0131&#8217;n\u0131n ak\u0131betinin ortaya \u00e7\u0131kar\u0131lmas\u0131 i\u00e7in \u00e7aba g\u00f6sterilmesi \u00e7a\u011fr\u0131s\u0131nda bulundu.<\/p>\n<p style=\"text-align: justify;\">Patrik, &#8220;\u0130ki bin y\u0131ld\u0131r Mesih&#8217;i kucaklayan ve O&#8217;nun \u00e7ekti\u011fi ac\u0131lar\u0131n yolu ile kutsanan Filistin i\u00e7in Kud\u00fcs ve t\u00fcm d\u00fcnyan\u0131n bar\u0131\u015f\u0131 i\u00e7in dua ediyoruz&#8221; dedi.<\/p>\n<p style=\"text-align: justify;\">Patrik X. Yuhanna, konu\u015fmas\u0131n\u0131n sonunda Allah&#8217;a Suriye&#8217;yi, halk\u0131n\u0131, ordusunu ve y\u00f6netimini korumas\u0131, \u015fehitlerine merhamet etmesi ve yaral\u0131lar\u0131n\u0131 iyile\u015ftirmesi i\u00e7in \u00e7a\u011fr\u0131da bulundu.<\/p>\n","protected":false},"excerpt":{"rendered":"<p>\u015eAM &#8211; Bu sabah Paskalya Pazartesisi vesilesiyle \u015eam&#8217;daki Meryemiye Katedrali&#8217;nde Rum Ortodokslar i\u00e7in Antakya Patri\u011fi ve T\u00fcm Do\u011fu Patri\u011fi Patrik X. Yuhanna ba\u015fkanl\u0131\u011f\u0131nda ilahi bir ayin d\u00fczenlendi. Patrik X. Yuhanna konu\u015fmas\u0131nda, \u015fanl\u0131 Paskalya bayram\u0131n\u0131n y\u00fcce anlamlar\u0131na vurgu yaparak, &#8220;Suriye&#8217;ye, topraklar\u0131n\u0131n birli\u011fi ve istikrar\u0131na dua ediyoruz&#8230; Sava\u015flar\u0131n y\u00fck\u00fcn\u00fc topraklar\u0131nda ta\u015f\u0131yan bu \u00fclke i\u00e7in dua ediyoruz. egemenli\u011fini &hellip;<\/p>\n","protected":false},"author":1,"featured_media":253833,"comment_status":"closed","ping_status":"closed","sticky":false,"template":"","format":"standard","meta":{"footnotes":""},"categories":[479,17988,478],"tags":[],"class_list":["post-253832","post","type-post","status-publish","format-standard","has-post-thumbnail","","category-haberler-yerel","category-son-haberler","category-yerel"],"_links":{"self":[{"href":"https:\/\/archive.sana.sy\/tr\/index.php?rest_route=\/wp\/v2\/posts\/253832","targetHints":{"allow":["GET"]}}],"collection":[{"href":"https:\/\/archive.sana.sy\/tr\/index.php?rest_route=\/wp\/v2\/posts"}],"about":[{"href":"https:\/\/archive.sana.sy\/tr\/index.php?rest_route=\/wp\/v2\/types\/post"}],"author":[{"embeddable":true,"href":"https:\/\/archive.sana.sy\/tr\/index.php?rest_route=\/wp\/v2\/users\/1"}],"replies":[{"embeddable":true,"href":"https:\/\/archive.sana.sy\/tr\/index.php?rest_route=%2Fwp%2Fv2%2Fcomments&post=253832"}],"version-history":[{"count":0,"href":"https:\/\/archive.sana.sy\/tr\/index.php?rest_route=\/wp\/v2\/posts\/253832\/revisions"}],"wp:featuredmedia":[{"embeddable":true,"href":"https:\/\/archive.sana.sy\/tr\/index.php?rest_route=\/wp\/v2\/media\/253833"}],"wp:attachment":[{"href":"https:\/\/archive.sana.sy\/tr\/index.php?rest_route=%2Fwp%2Fv2%2Fmedia&parent=253832"}],"wp:term":[{"taxonomy":"category","embeddable":true,"href":"https:\/\/archive.sana.sy\/tr\/index.php?rest_route=%2Fwp%2Fv2%2Fcategories&post=253832"},{"taxonomy":"post_tag","embeddable":true,"href":"https:\/\/archive.sana.sy\/tr\/index.php?rest_route=%2Fwp%2Fv2%2Ftags&post=253832"}],"curies":[{"name":"wp","href":"https:\/\/api.w.org\/{rel}","templated":true}]}}