{"id":253911,"date":"2022-04-26T23:46:01","date_gmt":"2022-04-26T20:46:01","guid":{"rendered":"http:\/\/107.6.182.27\/tr\/?p=253911"},"modified":"2022-04-27T08:21:40","modified_gmt":"2022-04-27T05:21:40","slug":"binlerce-kisinin-katilimi-ardindan-rakka-halep-ve-deyrezzorda-uzlasma-operasyonlari-suruyor","status":"publish","type":"post","link":"https:\/\/archive.sana.sy\/tr\/?p=253911","title":{"rendered":"Binlerce Ki\u015finin Kat\u0131l\u0131m\u0131 Ard\u0131ndan.. Rakka, Halep ve Deyrezzor&#8217;da Uzla\u015fma Operasyonlar\u0131 S\u00fcr\u00fcyor"},"content":{"rendered":"<p style=\"text-align: justify;\">\u0130LLER &#8211; Binlerce vatanda\u015f\u0131n uzla\u015fma operasyonlar\u0131na kat\u0131lmas\u0131yla birlikte, Deyrizor, Rakka ve Halep&#8217;teki uzla\u015fma merkezlerine aranan siviller, ka\u00e7aklar, zorunlu ve yedek hizmetlerde ba\u015far\u0131s\u0131z olanlar al\u0131nmaya devam etti.<\/p>\n<p style=\"text-align: justify;\">SANA muhabiri Deyrezzor&#8217;da, ilgili heyetin, \u00e7\u00f6z\u00fcm s\u00fcrecine kat\u0131lmak isteyen \u00e7ok say\u0131da ki\u015finin, ter\u00f6rizm ve aralar\u0131nda askerlik hizmetinden geri kalanlar\u0131n zorunlu hizmet i\u00e7in Suriye Arap Ordusu saflar\u0131na kat\u0131lmas\u0131 nedeniyle yerlerinden edilenlerin, durumlar\u0131n\u0131 d\u00fczelterek, bulunduklar\u0131 b\u00f6lgelere d\u00f6nmeye haz\u0131rlan\u0131rken devletin \u00f6ne s\u00fcrd\u00fc\u011f\u00fc maddeler do\u011frultusunda bug\u00fcn belirledi\u011fine dikkat \u00e7ekti.<\/p>\n<p style=\"text-align: justify;\">Rakka&#8217;n\u0131n do\u011fu k\u0131rsal\u0131ndaki el Sabha&#8217;da uzla\u015fma komitesi, kat\u0131lmak isteyenlerin kabul\u00fcne devam etti.<\/p>\n<p style=\"text-align: justify;\">SANA muhabirine yapt\u0131\u011f\u0131 a\u00e7\u0131klamada, basitle\u015ftirilmi\u015f prosed\u00fcrler ve yerle\u015fim komitesinin i\u015fbirli\u011fi ile durumlar\u0131n\u0131 d\u00fczene sokan \u00e7ok say\u0131da ki\u015finin kat\u0131ld\u0131\u011f\u0131n\u0131 kaydetti.<\/p>\n<p style=\"text-align: justify;\">Halep&#8217;in kuzeybat\u0131 k\u0131rsal\u0131nda ise SANA muhabiri, aranan baz\u0131 ki\u015filerin bug\u00fcn Hayyan il\u00e7e merkezinde durumlar\u0131n\u0131 d\u00fczelttiklerini belirterek, baz\u0131lar\u0131 uzla\u015fmaya dahil olan herkesi bu f\u0131rsattan yararlanmak i\u00e7in acele etmeye \u00e7a\u011f\u0131rd\u0131.<\/p>\n","protected":false},"excerpt":{"rendered":"<p>\u0130LLER &#8211; Binlerce vatanda\u015f\u0131n uzla\u015fma operasyonlar\u0131na kat\u0131lmas\u0131yla birlikte, Deyrizor, Rakka ve Halep&#8217;teki uzla\u015fma merkezlerine aranan siviller, ka\u00e7aklar, zorunlu ve yedek hizmetlerde ba\u015far\u0131s\u0131z olanlar al\u0131nmaya devam etti. SANA muhabiri Deyrezzor&#8217;da, ilgili heyetin, \u00e7\u00f6z\u00fcm s\u00fcrecine kat\u0131lmak isteyen \u00e7ok say\u0131da ki\u015finin, ter\u00f6rizm ve aralar\u0131nda askerlik hizmetinden geri kalanlar\u0131n zorunlu hizmet i\u00e7in Suriye Arap Ordusu saflar\u0131na kat\u0131lmas\u0131 nedeniyle yerlerinden &hellip;<\/p>\n","protected":false},"author":1,"featured_media":253912,"comment_status":"closed","ping_status":"closed","sticky":false,"template":"","format":"standard","meta":{"footnotes":""},"categories":[479,17988,478],"tags":[],"class_list":["post-253911","post","type-post","status-publish","format-standard","has-post-thumbnail","","category-haberler-yerel","category-son-haberler","category-yerel"],"_links":{"self":[{"href":"https:\/\/archive.sana.sy\/tr\/index.php?rest_route=\/wp\/v2\/posts\/253911","targetHints":{"allow":["GET"]}}],"collection":[{"href":"https:\/\/archive.sana.sy\/tr\/index.php?rest_route=\/wp\/v2\/posts"}],"about":[{"href":"https:\/\/archive.sana.sy\/tr\/index.php?rest_route=\/wp\/v2\/types\/post"}],"author":[{"embeddable":true,"href":"https:\/\/archive.sana.sy\/tr\/index.php?rest_route=\/wp\/v2\/users\/1"}],"replies":[{"embeddable":true,"href":"https:\/\/archive.sana.sy\/tr\/index.php?rest_route=%2Fwp%2Fv2%2Fcomments&post=253911"}],"version-history":[{"count":0,"href":"https:\/\/archive.sana.sy\/tr\/index.php?rest_route=\/wp\/v2\/posts\/253911\/revisions"}],"wp:featuredmedia":[{"embeddable":true,"href":"https:\/\/archive.sana.sy\/tr\/index.php?rest_route=\/wp\/v2\/media\/253912"}],"wp:attachment":[{"href":"https:\/\/archive.sana.sy\/tr\/index.php?rest_route=%2Fwp%2Fv2%2Fmedia&parent=253911"}],"wp:term":[{"taxonomy":"category","embeddable":true,"href":"https:\/\/archive.sana.sy\/tr\/index.php?rest_route=%2Fwp%2Fv2%2Fcategories&post=253911"},{"taxonomy":"post_tag","embeddable":true,"href":"https:\/\/archive.sana.sy\/tr\/index.php?rest_route=%2Fwp%2Fv2%2Ftags&post=253911"}],"curies":[{"name":"wp","href":"https:\/\/api.w.org\/{rel}","templated":true}]}}