{"id":253914,"date":"2022-04-26T23:47:44","date_gmt":"2022-04-26T20:47:44","guid":{"rendered":"http:\/\/107.6.182.27\/tr\/?p=253914"},"modified":"2022-04-27T08:21:55","modified_gmt":"2022-04-27T05:21:55","slug":"seyyid-nasrullah-direnis-eksenine-mensup-herkes-filistin-davasini-terk-etmesi-hedefiyle-yaptirimlara-maruz-kaliyor","status":"publish","type":"post","link":"https:\/\/archive.sana.sy\/tr\/?p=253914","title":{"rendered":"Seyyid Nasrullah: Direni\u015f Eksenine Mensup Herkes Filistin Davas\u0131n\u0131 Terk Etmesi Hedefiyle Yapt\u0131r\u0131mlara Maruz Kal\u0131yor"},"content":{"rendered":"<p style=\"text-align: justify;\">BEYRUT &#8211; Hizbullah Genel Sekreteri Seyyid Hasan Nasrullah, d\u00fc\u015fman \u0130srail&#8217;in en ba\u015f\u0131ndan beri zamanla unutmaya bahse girdi\u011fi bir zamanda, Filistin davas\u0131n\u0131n yeniden canland\u0131\u011f\u0131n\u0131 belirtti.<\/p>\n<p style=\"text-align: justify;\">Seyyid Nasrullah, Uluslararas\u0131 Kud\u00fcs G\u00fcn\u00fc m\u00fcnasebetiyle Kud\u00fcs minberi faaliyetleri kapsam\u0131nda yapt\u0131\u011f\u0131 konu\u015fmada, &#8220;Kud\u00fcs t\u00fcm \u00fcmmetin sorumlulu\u011fundad\u0131r ve bug\u00fcn t\u00fcm sahalara g\u00fc\u00e7l\u00fc bir \u015fekilde geri d\u00f6nmektedir ve bunun i\u00e7in, Direni\u015f eksenine mensup herkesin hedefi Kud\u00fcs&#8217;\u00fc, Filistin&#8217;i ve direni\u015f mant\u0131\u011f\u0131n\u0131 terk etmek olan ku\u015fatma ve cezalara tabi tutuldu\u011funa i\u015faret etti.<\/p>\n<p style=\"text-align: justify;\">Seyyid Nasrullah, Hizbullah&#8217;\u0131n direni\u015f sava\u015f\u0131n\u0131n \u00f6nemli bir par\u00e7as\u0131 oldu\u011funu vurgulayarak, kendimizi Filistin direni\u015fiyle, \u0130srail d\u00fc\u015fman\u0131yla kar\u015f\u0131 kar\u015f\u0131ya geldi\u011fimizde \u00f6n saflarda g\u00f6rd\u00fc\u011f\u00fcm\u00fcz\u00fc ve Kud\u00fcs&#8217;\u00fcn halk\u0131na ve \u00fcmmetine d\u00f6nece\u011fi g\u00fcn\u00fc sab\u0131rs\u0131zl\u0131kla beklediklerini, ayr\u0131ca milletimiz ve daha \u00f6nceki t\u00fcm zorlu a\u015famalar\u0131 ge\u00e7ti\u011fimiz i\u00e7in bug\u00fcn \u00e7ok yak\u0131nda g\u00f6rd\u00fc\u011f\u00fcm\u00fcz nihai zaferin e\u015fi\u011finde olduklar\u0131n\u0131 vurgulad\u0131.<\/p>\n","protected":false},"excerpt":{"rendered":"<p>BEYRUT &#8211; Hizbullah Genel Sekreteri Seyyid Hasan Nasrullah, d\u00fc\u015fman \u0130srail&#8217;in en ba\u015f\u0131ndan beri zamanla unutmaya bahse girdi\u011fi bir zamanda, Filistin davas\u0131n\u0131n yeniden canland\u0131\u011f\u0131n\u0131 belirtti. Seyyid Nasrullah, Uluslararas\u0131 Kud\u00fcs G\u00fcn\u00fc m\u00fcnasebetiyle Kud\u00fcs minberi faaliyetleri kapsam\u0131nda yapt\u0131\u011f\u0131 konu\u015fmada, &#8220;Kud\u00fcs t\u00fcm \u00fcmmetin sorumlulu\u011fundad\u0131r ve bug\u00fcn t\u00fcm sahalara g\u00fc\u00e7l\u00fc bir \u015fekilde geri d\u00f6nmektedir ve bunun i\u00e7in, Direni\u015f eksenine mensup &hellip;<\/p>\n","protected":false},"author":1,"featured_media":253915,"comment_status":"closed","ping_status":"closed","sticky":false,"template":"","format":"standard","meta":{"footnotes":""},"categories":[458,459,17988],"tags":[],"class_list":["post-253914","post","type-post","status-publish","format-standard","has-post-thumbnail","","category-dunya1","category-haberler-arap-uluslararasi-politika","category-son-haberler"],"_links":{"self":[{"href":"https:\/\/archive.sana.sy\/tr\/index.php?rest_route=\/wp\/v2\/posts\/253914","targetHints":{"allow":["GET"]}}],"collection":[{"href":"https:\/\/archive.sana.sy\/tr\/index.php?rest_route=\/wp\/v2\/posts"}],"about":[{"href":"https:\/\/archive.sana.sy\/tr\/index.php?rest_route=\/wp\/v2\/types\/post"}],"author":[{"embeddable":true,"href":"https:\/\/archive.sana.sy\/tr\/index.php?rest_route=\/wp\/v2\/users\/1"}],"replies":[{"embeddable":true,"href":"https:\/\/archive.sana.sy\/tr\/index.php?rest_route=%2Fwp%2Fv2%2Fcomments&post=253914"}],"version-history":[{"count":0,"href":"https:\/\/archive.sana.sy\/tr\/index.php?rest_route=\/wp\/v2\/posts\/253914\/revisions"}],"wp:featuredmedia":[{"embeddable":true,"href":"https:\/\/archive.sana.sy\/tr\/index.php?rest_route=\/wp\/v2\/media\/253915"}],"wp:attachment":[{"href":"https:\/\/archive.sana.sy\/tr\/index.php?rest_route=%2Fwp%2Fv2%2Fmedia&parent=253914"}],"wp:term":[{"taxonomy":"category","embeddable":true,"href":"https:\/\/archive.sana.sy\/tr\/index.php?rest_route=%2Fwp%2Fv2%2Fcategories&post=253914"},{"taxonomy":"post_tag","embeddable":true,"href":"https:\/\/archive.sana.sy\/tr\/index.php?rest_route=%2Fwp%2Fv2%2Ftags&post=253914"}],"curies":[{"name":"wp","href":"https:\/\/api.w.org\/{rel}","templated":true}]}}