{"id":253918,"date":"2022-04-26T23:45:01","date_gmt":"2022-04-26T20:45:01","guid":{"rendered":"http:\/\/107.6.182.27\/tr\/?p=253918"},"modified":"2022-04-27T08:21:13","modified_gmt":"2022-04-27T05:21:13","slug":"haseke-kirsalinda-patlama-bir-liderin-de-aralarinda-bulundugu-cok-sayida-dsg-milisi-yaralandi","status":"publish","type":"post","link":"https:\/\/archive.sana.sy\/tr\/?p=253918","title":{"rendered":"Haseke K\u0131rsal\u0131nda Patlama.. Bir Liderin De Aralar\u0131nda Bulundu\u011fu \u00c7ok Say\u0131da (DSG) Milisi Yaraland\u0131"},"content":{"rendered":"<p style=\"text-align: justify;\">HASEKE- Haseke&#8217;nin g\u00fcney k\u0131rsal\u0131nda arabalar\u0131n\u0131 hedef alan bomba d\u00fczene\u011finin patlamas\u0131 sonucunda, aralar\u0131nda bir liderin de yer ald\u0131\u011f\u0131 Amerikan i\u015fgaliyle ba\u011flant\u0131l\u0131 \u00e7ok say\u0131da DSG milisi yaraland\u0131.<\/p>\n<p style=\"text-align: justify;\">B\u00f6lgedeki yerel kaynaklar SANA muhabirine, DSG&#8217;ye ait askeri bir arac\u0131n Deyrezor \u0130li&#8217;nin g\u00fcney k\u0131rsal\u0131ndaki El Saada k\u00f6y\u00fcn\u00fcn eteklerinde ge\u00e7i\u015fi s\u0131ras\u0131nda kimli\u011fi belirsiz ki\u015filerce yerle\u015ftirilen patlay\u0131c\u0131n\u0131n infilak etti\u011fini, Haseke&#8217;de bir liderin de aralar\u0131nda bulundu\u011fu \u00e7ok say\u0131da milisin yaraland\u0131\u011f\u0131n\u0131 ve ara\u00e7lar\u0131n\u0131n yand\u0131\u011f\u0131n\u0131 s\u00f6yledi.<\/p>\n<p style=\"text-align: justify;\">Kaynaklar, silahl\u0131 milis gruplar\u0131n\u0131n hemen gelerek sald\u0131r\u0131n\u0131n meydana geldi\u011fi yerin etraf\u0131n\u0131 g\u00fcvenlik kordonu alt\u0131na ald\u0131\u011f\u0131n\u0131 ve ambulanslar\u0131n b\u00f6lgeye do\u011fru hareket etti\u011fine dikkat \u00e7ekti.<\/p>\n","protected":false},"excerpt":{"rendered":"<p>HASEKE- Haseke&#8217;nin g\u00fcney k\u0131rsal\u0131nda arabalar\u0131n\u0131 hedef alan bomba d\u00fczene\u011finin patlamas\u0131 sonucunda, aralar\u0131nda bir liderin de yer ald\u0131\u011f\u0131 Amerikan i\u015fgaliyle ba\u011flant\u0131l\u0131 \u00e7ok say\u0131da DSG milisi yaraland\u0131. B\u00f6lgedeki yerel kaynaklar SANA muhabirine, DSG&#8217;ye ait askeri bir arac\u0131n Deyrezor \u0130li&#8217;nin g\u00fcney k\u0131rsal\u0131ndaki El Saada k\u00f6y\u00fcn\u00fcn eteklerinde ge\u00e7i\u015fi s\u0131ras\u0131nda kimli\u011fi belirsiz ki\u015filerce yerle\u015ftirilen patlay\u0131c\u0131n\u0131n infilak etti\u011fini, Haseke&#8217;de bir liderin &hellip;<\/p>\n","protected":false},"author":1,"featured_media":253919,"comment_status":"closed","ping_status":"closed","sticky":false,"template":"","format":"standard","meta":{"footnotes":""},"categories":[479,575,17988,478],"tags":[],"class_list":["post-253918","post","type-post","status-publish","format-standard","has-post-thumbnail","","category-haberler-yerel","category-olaylar-ve-gercekler","category-son-haberler","category-yerel"],"_links":{"self":[{"href":"https:\/\/archive.sana.sy\/tr\/index.php?rest_route=\/wp\/v2\/posts\/253918","targetHints":{"allow":["GET"]}}],"collection":[{"href":"https:\/\/archive.sana.sy\/tr\/index.php?rest_route=\/wp\/v2\/posts"}],"about":[{"href":"https:\/\/archive.sana.sy\/tr\/index.php?rest_route=\/wp\/v2\/types\/post"}],"author":[{"embeddable":true,"href":"https:\/\/archive.sana.sy\/tr\/index.php?rest_route=\/wp\/v2\/users\/1"}],"replies":[{"embeddable":true,"href":"https:\/\/archive.sana.sy\/tr\/index.php?rest_route=%2Fwp%2Fv2%2Fcomments&post=253918"}],"version-history":[{"count":0,"href":"https:\/\/archive.sana.sy\/tr\/index.php?rest_route=\/wp\/v2\/posts\/253918\/revisions"}],"wp:featuredmedia":[{"embeddable":true,"href":"https:\/\/archive.sana.sy\/tr\/index.php?rest_route=\/wp\/v2\/media\/253919"}],"wp:attachment":[{"href":"https:\/\/archive.sana.sy\/tr\/index.php?rest_route=%2Fwp%2Fv2%2Fmedia&parent=253918"}],"wp:term":[{"taxonomy":"category","embeddable":true,"href":"https:\/\/archive.sana.sy\/tr\/index.php?rest_route=%2Fwp%2Fv2%2Fcategories&post=253918"},{"taxonomy":"post_tag","embeddable":true,"href":"https:\/\/archive.sana.sy\/tr\/index.php?rest_route=%2Fwp%2Fv2%2Ftags&post=253918"}],"curies":[{"name":"wp","href":"https:\/\/api.w.org\/{rel}","templated":true}]}}