{"id":253930,"date":"2022-04-27T02:09:12","date_gmt":"2022-04-26T23:09:12","guid":{"rendered":"http:\/\/107.6.182.27\/tr\/?p=253930"},"modified":"2022-04-28T08:17:56","modified_gmt":"2022-04-28T05:17:56","slug":"hava-savunma-sistemlerimiz-sam-semalarinda-dusman-israil-saldirisina-karsi-koydu","status":"publish","type":"post","link":"https:\/\/archive.sana.sy\/tr\/?p=253930","title":{"rendered":"\u0130srail\u2019in \u015eam Yak\u0131nlar\u0131na D\u00fczenledi\u011fi Sald\u0131r\u0131da 4 Asker \u015eehit D\u00fc\u015ft\u00fc, Di\u011ferleri De Yaraland\u0131"},"content":{"rendered":"<p>\u015eAM \u2013 \u0130srail&#8217;in \u015eam yak\u0131nlar\u0131nda baz\u0131 noktalara d\u00fczenledi\u011fi hava sald\u0131r\u0131s\u0131 sonucunda 4 asker \u015fehit d\u00fc\u015ft\u00fc, 3 asker yaraland\u0131 ve baz\u0131 maddi kay\u0131plara da yol a\u00e7t\u0131.<\/p>\n<p>Askeri bir kaynak SANA&#8217;ya yapt\u0131\u011f\u0131 a\u00e7\u0131klamada, &#8220;Bug\u00fcn saat 12:41 sular\u0131nda d\u00fc\u015fman \u0130srail\u2019in, Tabarayya y\u00f6n\u00fcnden \u015eam yak\u0131nlar\u0131ndaki baz\u0131 noktalar\u0131 hedef alan f\u00fczeli hava sald\u0131r\u0131s\u0131 d\u00fczenledi\u011fini belirtirken, Hava savunmam\u0131z\u0131n sald\u0131rgan f\u00fczelere kar\u015f\u0131 koydu\u011f\u00fcnu ve \u00e7o\u011funu d\u00fc\u015f\u00fcrd\u00fc\u011f\u00fcne i\u015faret etti.<\/p>\n<p>Kaynak, sald\u0131r\u0131 sonucunda \u201c\u00fc\u00e7 askerin \u015fehit d\u00fc\u015fmesi, 3 askerin yaralanmas\u0131 ve baz\u0131 maddi kay\u0131plara yol a\u00e7t\u0131\u011f\u0131n\u0131\u201d da s\u00f6zlerine ekledi.<\/p>\n<article id=\"the-post\" class=\"post-listing post-253934 post type-post status-publish format-standard has-post-thumbnail category-haber-seridi category-haber-ve-raporlar category-haberler-yerel category-son-haberler category-toplum category-yerel\">\n<div class=\"post-inner\">\n<div class=\"entry\">\n<p><span style=\"color: #0000ff;\">#Telegram_Kanal\u0131m\u0131z: https:\/\/t.me\/SuriyeArapHaberAjansI<\/span><\/p>\n<\/div>\n<div class=\"clear\"><\/div>\n<\/div>\n<\/article>\n<section id=\"check-also-box\" class=\"post-listing check-also-right\"><\/section>\n<p>&nbsp;<\/p>\n","protected":false},"excerpt":{"rendered":"<p>\u015eAM \u2013 \u0130srail&#8217;in \u015eam yak\u0131nlar\u0131nda baz\u0131 noktalara d\u00fczenledi\u011fi hava sald\u0131r\u0131s\u0131 sonucunda 4 asker \u015fehit d\u00fc\u015ft\u00fc, 3 asker yaraland\u0131 ve baz\u0131 maddi kay\u0131plara da yol a\u00e7t\u0131. Askeri bir kaynak SANA&#8217;ya yapt\u0131\u011f\u0131 a\u00e7\u0131klamada, &#8220;Bug\u00fcn saat 12:41 sular\u0131nda d\u00fc\u015fman \u0130srail\u2019in, Tabarayya y\u00f6n\u00fcnden \u015eam yak\u0131nlar\u0131ndaki baz\u0131 noktalar\u0131 hedef alan f\u00fczeli hava sald\u0131r\u0131s\u0131 d\u00fczenledi\u011fini belirtirken, Hava savunmam\u0131z\u0131n sald\u0131rgan f\u00fczelere kar\u015f\u0131 &hellip;<\/p>\n","protected":false},"author":1,"featured_media":253931,"comment_status":"closed","ping_status":"closed","sticky":false,"template":"","format":"standard","meta":{"footnotes":""},"categories":[479,575,17988,478],"tags":[],"class_list":["post-253930","post","type-post","status-publish","format-standard","has-post-thumbnail","","category-haberler-yerel","category-olaylar-ve-gercekler","category-son-haberler","category-yerel"],"_links":{"self":[{"href":"https:\/\/archive.sana.sy\/tr\/index.php?rest_route=\/wp\/v2\/posts\/253930","targetHints":{"allow":["GET"]}}],"collection":[{"href":"https:\/\/archive.sana.sy\/tr\/index.php?rest_route=\/wp\/v2\/posts"}],"about":[{"href":"https:\/\/archive.sana.sy\/tr\/index.php?rest_route=\/wp\/v2\/types\/post"}],"author":[{"embeddable":true,"href":"https:\/\/archive.sana.sy\/tr\/index.php?rest_route=\/wp\/v2\/users\/1"}],"replies":[{"embeddable":true,"href":"https:\/\/archive.sana.sy\/tr\/index.php?rest_route=%2Fwp%2Fv2%2Fcomments&post=253930"}],"version-history":[{"count":0,"href":"https:\/\/archive.sana.sy\/tr\/index.php?rest_route=\/wp\/v2\/posts\/253930\/revisions"}],"wp:featuredmedia":[{"embeddable":true,"href":"https:\/\/archive.sana.sy\/tr\/index.php?rest_route=\/wp\/v2\/media\/253931"}],"wp:attachment":[{"href":"https:\/\/archive.sana.sy\/tr\/index.php?rest_route=%2Fwp%2Fv2%2Fmedia&parent=253930"}],"wp:term":[{"taxonomy":"category","embeddable":true,"href":"https:\/\/archive.sana.sy\/tr\/index.php?rest_route=%2Fwp%2Fv2%2Fcategories&post=253930"},{"taxonomy":"post_tag","embeddable":true,"href":"https:\/\/archive.sana.sy\/tr\/index.php?rest_route=%2Fwp%2Fv2%2Ftags&post=253930"}],"curies":[{"name":"wp","href":"https:\/\/api.w.org\/{rel}","templated":true}]}}