{"id":253962,"date":"2022-04-27T22:22:38","date_gmt":"2022-04-27T19:22:38","guid":{"rendered":"http:\/\/107.6.182.27\/tr\/?p=253962"},"modified":"2022-04-29T08:48:34","modified_gmt":"2022-04-29T05:48:34","slug":"rakada-dsg-milisleri-ogretmenlerin-calismasini-engelledi-birkac-vatandasi-kacirdi","status":"publish","type":"post","link":"https:\/\/archive.sana.sy\/tr\/?p=253962","title":{"rendered":"Raka\u2019da \u201cDSG\u201d Milisleri \u00f6\u011fretmenlerin \u00e7al\u0131\u015fmas\u0131n\u0131 Engelledi, Birka\u00e7 Vatanda\u015f\u0131 Ka\u00e7\u0131rd\u0131"},"content":{"rendered":"<p>RAKA \u2013 ayr\u0131l\u0131k\u00e7\u0131 \u201cDSG\u201d milisleri, Raka\u2019n\u0131n Bat\u0131 k\u0131rsal\u0131nda bask\u0131nlar d\u00fczenleyerek, b\u00fct\u00fcn bir ailenin de dahil olmak \u00fczere birka\u00e7 ki\u015fiyi ka\u00e7\u0131rd\u0131, Tabka kentinde \u00f6\u011fretmenlerin \u00e7al\u0131\u015fmalar\u0131n\u0131 engelledi.<\/p>\n<p>yerel Kaynaklar\u00a0 SANA Muhabirine, ayr\u0131l\u0131k\u00e7\u0131 \u201cDSG\u201d milislerine ait 6 askeri arac\u0131n, Rakka \u015fehrinin kuzeybat\u0131s\u0131ndaki El Yamama k\u00f6y\u00fcn\u00fc ku\u015fatt\u0131\u011f\u0131n\u0131 belirtirken, milis militanlar\u0131na direnme bahanesiyle b\u00fct\u00fcn bir ailenin \u00fcyelerini ka\u00e7\u0131r\u0131p bilinmeyen bir yere g\u00f6t\u00fcrd\u00fcklerine i\u015faret etti.<\/p>\n<p>Rakka\u2019n\u0131n kuzeyindeki El Hazime k\u00f6y\u00fcnden yerel kaynaklar ise, DSG milislerinin 3 ki\u015fiyi ka\u00e7\u0131r\u0131p kelep\u00e7eli olarak yak\u0131ndaki karargahlardan birine g\u00f6t\u00fcrd\u00fc\u011f\u00fcn\u00fc belirtti<em>.<\/em><\/p>\n<p>Bat\u0131 k\u0131rsal\u0131ndaki Tabka kentinden kaynaklar, &#8220;milislerin s\u00f6zde E\u011fitim Komitesi&#8217;nin, kendisine kar\u015f\u0131 g\u00f6sterileri d\u00fczenlene bir dizi \u00f6\u011fretmenin \u015fehrin okullar\u0131nda \u00e7al\u0131\u015fmalar\u0131n\u0131 engelledi\u011fine&#8221; dikkat \u00e7ekti.<\/p>\n<p><a class=\"oajrlxb2 g5ia77u1 qu0x051f esr5mh6w e9989ue4 r7d6kgcz rq0escxv nhd2j8a9 nc684nl6 p7hjln8o kvgmc6g5 cxmmr5t8 oygrvhab hcukyx3x jb3vyjys rz4wbd8a qt6c0cv9 a8nywdso i1ao9s8h esuyzwwr f1sip0of lzcic4wl gpro0wi8 q66pz984 b1v8xokw\" tabindex=\"0\" role=\"link\" href=\"https:\/\/www.facebook.com\/hashtag\/telegram_kanal%C4%B1m%C4%B1z?__eep__=6&amp;__cft__[0]=AZU-anDTrRsUy0ZsJZTuCvFMOn3LvGlc4mhk-4NLUKvS12OdRempm4wr2_texpBw4rg5NKG36a3-JC2lfPObYWeocp2oJGi1JsNVhzshAXu5avvn6kHLEeDGiLDPGIlMMWGJkh-7zCojGtyl-0qbP7wO&amp;__tn__=*NK-R\">#Telegram_Kanal\u0131m\u0131z<\/a>: <a class=\"oajrlxb2 g5ia77u1 qu0x051f esr5mh6w e9989ue4 r7d6kgcz rq0escxv nhd2j8a9 nc684nl6 p7hjln8o kvgmc6g5 cxmmr5t8 oygrvhab hcukyx3x jb3vyjys rz4wbd8a qt6c0cv9 a8nywdso i1ao9s8h esuyzwwr f1sip0of lzcic4wl gpro0wi8 py34i1dx\" tabindex=\"0\" role=\"link\" href=\"https:\/\/t.me\/SuriyeArapHaberAjansI?fbclid=IwAR1Gai8nXWCH4SeE2eLiqJzqeoDNsyPllD9dYHU6oCagvxKbiUKG3E8QNE0\" target=\"_blank\" rel=\"nofollow noopener\">https:\/\/t.me\/SuriyeArapHaberAjansI<\/a><\/p>\n","protected":false},"excerpt":{"rendered":"<p>RAKA \u2013 ayr\u0131l\u0131k\u00e7\u0131 \u201cDSG\u201d milisleri, Raka\u2019n\u0131n Bat\u0131 k\u0131rsal\u0131nda bask\u0131nlar d\u00fczenleyerek, b\u00fct\u00fcn bir ailenin de dahil olmak \u00fczere birka\u00e7 ki\u015fiyi ka\u00e7\u0131rd\u0131, Tabka kentinde \u00f6\u011fretmenlerin \u00e7al\u0131\u015fmalar\u0131n\u0131 engelledi. yerel Kaynaklar\u00a0 SANA Muhabirine, ayr\u0131l\u0131k\u00e7\u0131 \u201cDSG\u201d milislerine ait 6 askeri arac\u0131n, Rakka \u015fehrinin kuzeybat\u0131s\u0131ndaki El Yamama k\u00f6y\u00fcn\u00fc ku\u015fatt\u0131\u011f\u0131n\u0131 belirtirken, milis militanlar\u0131na direnme bahanesiyle b\u00fct\u00fcn bir ailenin \u00fcyelerini ka\u00e7\u0131r\u0131p bilinmeyen bir &hellip;<\/p>\n","protected":false},"author":39,"featured_media":253963,"comment_status":"closed","ping_status":"closed","sticky":false,"template":"","format":"standard","meta":{"footnotes":""},"categories":[479,575,17988,478],"tags":[],"class_list":["post-253962","post","type-post","status-publish","format-standard","has-post-thumbnail","","category-haberler-yerel","category-olaylar-ve-gercekler","category-son-haberler","category-yerel"],"_links":{"self":[{"href":"https:\/\/archive.sana.sy\/tr\/index.php?rest_route=\/wp\/v2\/posts\/253962","targetHints":{"allow":["GET"]}}],"collection":[{"href":"https:\/\/archive.sana.sy\/tr\/index.php?rest_route=\/wp\/v2\/posts"}],"about":[{"href":"https:\/\/archive.sana.sy\/tr\/index.php?rest_route=\/wp\/v2\/types\/post"}],"author":[{"embeddable":true,"href":"https:\/\/archive.sana.sy\/tr\/index.php?rest_route=\/wp\/v2\/users\/39"}],"replies":[{"embeddable":true,"href":"https:\/\/archive.sana.sy\/tr\/index.php?rest_route=%2Fwp%2Fv2%2Fcomments&post=253962"}],"version-history":[{"count":0,"href":"https:\/\/archive.sana.sy\/tr\/index.php?rest_route=\/wp\/v2\/posts\/253962\/revisions"}],"wp:featuredmedia":[{"embeddable":true,"href":"https:\/\/archive.sana.sy\/tr\/index.php?rest_route=\/wp\/v2\/media\/253963"}],"wp:attachment":[{"href":"https:\/\/archive.sana.sy\/tr\/index.php?rest_route=%2Fwp%2Fv2%2Fmedia&parent=253962"}],"wp:term":[{"taxonomy":"category","embeddable":true,"href":"https:\/\/archive.sana.sy\/tr\/index.php?rest_route=%2Fwp%2Fv2%2Fcategories&post=253962"},{"taxonomy":"post_tag","embeddable":true,"href":"https:\/\/archive.sana.sy\/tr\/index.php?rest_route=%2Fwp%2Fv2%2Ftags&post=253962"}],"curies":[{"name":"wp","href":"https:\/\/api.w.org\/{rel}","templated":true}]}}