{"id":254037,"date":"2022-04-29T23:00:40","date_gmt":"2022-04-29T20:00:40","guid":{"rendered":"http:\/\/107.6.182.27\/tr\/?p=254037"},"modified":"2022-05-01T08:53:04","modified_gmt":"2022-05-01T05:53:04","slug":"golandaki-halkimiz-isgalin-topraklarina-ruzgar-turbinleri-kurma-planini-reddettigini-yineledi","status":"publish","type":"post","link":"https:\/\/archive.sana.sy\/tr\/?p=254037","title":{"rendered":"Golan&#8217;daki Halk\u0131m\u0131z, \u0130\u015fgalin Topraklar\u0131na R\u00fczgar T\u00fcrbinleri Kurma Plan\u0131n\u0131 Reddetti\u011fini Yineledi"},"content":{"rendered":"<p style=\"text-align: justify;\">\u0130\u015eGAL ALTINDAK\u0130 KUD\u00dcS \u2013 \u0130\u015fgal alt\u0131ndaki Suriye Golan&#8217;daki halk\u0131m\u0131z, \u0130srail i\u015fgalinin binlerce d\u00f6n\u00fcm arazisine r\u00fczgar t\u00fcrbinleri in\u015fa etmesini kategorik olarak reddetti ve i\u015fgalin planlar\u0131 bo\u015fa \u00e7\u0131kana ve yerle\u015fim planlar\u0131n\u0131 iptal etmek zorunda kalana kadar m\u00fccadele etme kararl\u0131l\u0131\u011f\u0131n\u0131 vurgulad\u0131.<\/p>\n<p style=\"text-align: justify;\">Bug\u00fcn i\u015fgal alt\u0131ndaki Suriyeli Arap Golan halk\u0131, i\u015fgalin yakla\u015f\u0131k alt\u0131 bin d\u00f6n\u00fcm tar\u0131m arazisini ele ge\u00e7irmeyi ama\u00e7layan plan\u0131n\u0131 reddetmek i\u00e7in Baraka k\u00f6y\u00fcn\u00fcn do\u011fusundaki el Manfuha b\u00f6lgesinde oturma \u00e7ad\u0131r\u0131 kurarak uluslararas\u0131 toplumdan, onlar\u0131 yerinden etmeye y\u00f6nelik bu yerle\u015fim d\u00fczenini durdurmas\u0131n\u0131 talep etti.<\/p>\n<p style=\"text-align: justify;\">R\u00fczgar t\u00fcrbini plan\u0131, i\u015fgal alt\u0131ndaki Suriye Golan&#8217;\u0131 hedef alan en tehlikeli Yahudile\u015ftirme s\u00f6m\u00fcrge planlar\u0131ndan biridir. Plan, \u00fc\u00e7 a\u015famada yakla\u015f\u0131k alt\u0131 bin d\u00f6n\u00fcm\u00fcn ele ge\u00e7irilmesini i\u00e7eriyor, ilki i\u015fgalin terkedilmi\u015f k\u00f6ylerin arazilerini ele ge\u00e7irdi\u011fi ve \u00fczerlerine 120 metre y\u00fcksekli\u011finde 42 t\u00fcrbin in\u015fa etti\u011fi, ikinci a\u015fama ise, Mecdal \u015eams, Masada, Ayn Kinya ve Bekasa k\u00f6ylerinin topraklar\u0131n\u0131 hedeflerken, \u00fc\u00e7\u00fcnc\u00fcs\u00fc Tel el Fars b\u00f6lgesidir.<\/p>\n<div id='gallery-1' class='gallery galleryid-254037 gallery-columns-2 gallery-size-full'><figure class='gallery-item'>\n\t\t\t<div class='gallery-icon landscape'>\n\t\t\t\t<a href='https:\/\/archive.sana.sy\/tr\/wp-content\/uploads\/2022\/04\/photo_2022-04-29_19-03-22-scaled.jpg'><img loading=\"lazy\" decoding=\"async\" width=\"2560\" height=\"1569\" src=\"https:\/\/archive.sana.sy\/tr\/wp-content\/uploads\/2022\/04\/photo_2022-04-29_19-03-22-scaled.jpg\" class=\"attachment-full size-full\" alt=\"\" srcset=\"https:\/\/archive.sana.sy\/tr\/wp-content\/uploads\/2022\/04\/photo_2022-04-29_19-03-22-scaled.jpg 2560w, https:\/\/archive.sana.sy\/tr\/wp-content\/uploads\/2022\/04\/photo_2022-04-29_19-03-22-300x184.jpg 300w, https:\/\/archive.sana.sy\/tr\/wp-content\/uploads\/2022\/04\/photo_2022-04-29_19-03-22-1024x627.jpg 1024w, https:\/\/archive.sana.sy\/tr\/wp-content\/uploads\/2022\/04\/photo_2022-04-29_19-03-22-150x92.jpg 150w, https:\/\/archive.sana.sy\/tr\/wp-content\/uploads\/2022\/04\/photo_2022-04-29_19-03-22-768x471.jpg 768w, https:\/\/archive.sana.sy\/tr\/wp-content\/uploads\/2022\/04\/photo_2022-04-29_19-03-22-1536x941.jpg 1536w, https:\/\/archive.sana.sy\/tr\/wp-content\/uploads\/2022\/04\/photo_2022-04-29_19-03-22-2048x1255.jpg 2048w\" sizes=\"auto, (max-width: 2560px) 100vw, 2560px\" \/><\/a>\n\t\t\t<\/div><\/figure><figure class='gallery-item'>\n\t\t\t<div class='gallery-icon landscape'>\n\t\t\t\t<a href='https:\/\/archive.sana.sy\/tr\/wp-content\/uploads\/2022\/04\/photo_2022-04-29_19-03-23-2-scaled.jpg'><img loading=\"lazy\" decoding=\"async\" width=\"2560\" height=\"1440\" src=\"https:\/\/archive.sana.sy\/tr\/wp-content\/uploads\/2022\/04\/photo_2022-04-29_19-03-23-2-scaled.jpg\" class=\"attachment-full size-full\" alt=\"\" srcset=\"https:\/\/archive.sana.sy\/tr\/wp-content\/uploads\/2022\/04\/photo_2022-04-29_19-03-23-2-scaled.jpg 2560w, https:\/\/archive.sana.sy\/tr\/wp-content\/uploads\/2022\/04\/photo_2022-04-29_19-03-23-2-300x169.jpg 300w, https:\/\/archive.sana.sy\/tr\/wp-content\/uploads\/2022\/04\/photo_2022-04-29_19-03-23-2-1024x576.jpg 1024w, https:\/\/archive.sana.sy\/tr\/wp-content\/uploads\/2022\/04\/photo_2022-04-29_19-03-23-2-150x84.jpg 150w, https:\/\/archive.sana.sy\/tr\/wp-content\/uploads\/2022\/04\/photo_2022-04-29_19-03-23-2-768x432.jpg 768w, https:\/\/archive.sana.sy\/tr\/wp-content\/uploads\/2022\/04\/photo_2022-04-29_19-03-23-2-1536x864.jpg 1536w, https:\/\/archive.sana.sy\/tr\/wp-content\/uploads\/2022\/04\/photo_2022-04-29_19-03-23-2-2048x1152.jpg 2048w\" sizes=\"auto, (max-width: 2560px) 100vw, 2560px\" \/><\/a>\n\t\t\t<\/div><\/figure>\n\t\t<\/div>\n\n","protected":false},"excerpt":{"rendered":"<p>\u0130\u015eGAL ALTINDAK\u0130 KUD\u00dcS \u2013 \u0130\u015fgal alt\u0131ndaki Suriye Golan&#8217;daki halk\u0131m\u0131z, \u0130srail i\u015fgalinin binlerce d\u00f6n\u00fcm arazisine r\u00fczgar t\u00fcrbinleri in\u015fa etmesini kategorik olarak reddetti ve i\u015fgalin planlar\u0131 bo\u015fa \u00e7\u0131kana ve yerle\u015fim planlar\u0131n\u0131 iptal etmek zorunda kalana kadar m\u00fccadele etme kararl\u0131l\u0131\u011f\u0131n\u0131 vurgulad\u0131. Bug\u00fcn i\u015fgal alt\u0131ndaki Suriyeli Arap Golan halk\u0131, i\u015fgalin yakla\u015f\u0131k alt\u0131 bin d\u00f6n\u00fcm tar\u0131m arazisini ele ge\u00e7irmeyi ama\u00e7layan &hellip;<\/p>\n","protected":false},"author":1,"featured_media":254038,"comment_status":"closed","ping_status":"closed","sticky":false,"template":"","format":"standard","meta":{"footnotes":""},"categories":[479,17988,478],"tags":[],"class_list":["post-254037","post","type-post","status-publish","format-standard","has-post-thumbnail","","category-haberler-yerel","category-son-haberler","category-yerel"],"_links":{"self":[{"href":"https:\/\/archive.sana.sy\/tr\/index.php?rest_route=\/wp\/v2\/posts\/254037","targetHints":{"allow":["GET"]}}],"collection":[{"href":"https:\/\/archive.sana.sy\/tr\/index.php?rest_route=\/wp\/v2\/posts"}],"about":[{"href":"https:\/\/archive.sana.sy\/tr\/index.php?rest_route=\/wp\/v2\/types\/post"}],"author":[{"embeddable":true,"href":"https:\/\/archive.sana.sy\/tr\/index.php?rest_route=\/wp\/v2\/users\/1"}],"replies":[{"embeddable":true,"href":"https:\/\/archive.sana.sy\/tr\/index.php?rest_route=%2Fwp%2Fv2%2Fcomments&post=254037"}],"version-history":[{"count":0,"href":"https:\/\/archive.sana.sy\/tr\/index.php?rest_route=\/wp\/v2\/posts\/254037\/revisions"}],"wp:featuredmedia":[{"embeddable":true,"href":"https:\/\/archive.sana.sy\/tr\/index.php?rest_route=\/wp\/v2\/media\/254038"}],"wp:attachment":[{"href":"https:\/\/archive.sana.sy\/tr\/index.php?rest_route=%2Fwp%2Fv2%2Fmedia&parent=254037"}],"wp:term":[{"taxonomy":"category","embeddable":true,"href":"https:\/\/archive.sana.sy\/tr\/index.php?rest_route=%2Fwp%2Fv2%2Fcategories&post=254037"},{"taxonomy":"post_tag","embeddable":true,"href":"https:\/\/archive.sana.sy\/tr\/index.php?rest_route=%2Fwp%2Fv2%2Ftags&post=254037"}],"curies":[{"name":"wp","href":"https:\/\/api.w.org\/{rel}","templated":true}]}}