{"id":254050,"date":"2022-04-30T10:34:01","date_gmt":"2022-04-30T07:34:01","guid":{"rendered":"http:\/\/107.6.182.27\/tr\/?p=254050"},"modified":"2022-05-01T08:53:15","modified_gmt":"2022-05-01T05:53:15","slug":"bati-yakada-israil-isgal-guclerinin-kursunlariyla-bir-filistinli-sehit-dustu","status":"publish","type":"post","link":"https:\/\/archive.sana.sy\/tr\/?p=254050","title":{"rendered":"Bat\u0131 Yaka\u2019da, \u0130srail \u0130\u015fgal G\u00fc\u00e7lerinin Kur\u015funlar\u0131yla Bir Filistinli \u015eehit D\u00fc\u015ft\u00fc"},"content":{"rendered":"<p>\u0130\u015eGAL ALTINDAK\u0130 KUD\u00dcS \u2013 Bat\u0131 Yaka\u2019da yer alan Kalkilya kentinin do\u011fusunda \u0130srail i\u015fgal g\u00fc\u00e7lerinin kur\u015funlar\u0131yla bir Filistinli \u015fehit d\u00fc\u015ft\u00fc.<\/p>\n<p>WAFA Haber Ajans\u0131 aktard\u0131\u011f\u0131na g\u00f6re, Filistin Sa\u011fl\u0131k Bakanl\u0131\u011f\u0131, i\u015fgal g\u00fc\u00e7lerinin Azzun k\u00f6y\u00fcne bask\u0131n d\u00fczenledi\u011fini ve serbest b\u0131rak\u0131lan tutuklu Yahya Ali Adwan&#8217;\u0131 kasten vurarak onun hemen \u015fehit d\u00fc\u015fmesine yol a\u00e7t\u0131\u011f\u0131n\u0131 belirtti.<\/p>\n<p><span style=\"color: #0000ff;\">#Telegram_Kanal\u0131m\u0131z: https:\/\/t.me\/SuriyeArapHaberAjansI<\/span><\/p>\n","protected":false},"excerpt":{"rendered":"<p>\u0130\u015eGAL ALTINDAK\u0130 KUD\u00dcS \u2013 Bat\u0131 Yaka\u2019da yer alan Kalkilya kentinin do\u011fusunda \u0130srail i\u015fgal g\u00fc\u00e7lerinin kur\u015funlar\u0131yla bir Filistinli \u015fehit d\u00fc\u015ft\u00fc. WAFA Haber Ajans\u0131 aktard\u0131\u011f\u0131na g\u00f6re, Filistin Sa\u011fl\u0131k Bakanl\u0131\u011f\u0131, i\u015fgal g\u00fc\u00e7lerinin Azzun k\u00f6y\u00fcne bask\u0131n d\u00fczenledi\u011fini ve serbest b\u0131rak\u0131lan tutuklu Yahya Ali Adwan&#8217;\u0131 kasten vurarak onun hemen \u015fehit d\u00fc\u015fmesine yol a\u00e7t\u0131\u011f\u0131n\u0131 belirtti. #Telegram_Kanal\u0131m\u0131z: https:\/\/t.me\/SuriyeArapHaberAjansI<\/p>\n","protected":false},"author":36,"featured_media":254051,"comment_status":"closed","ping_status":"closed","sticky":false,"template":"","format":"standard","meta":{"footnotes":""},"categories":[458,459,17988],"tags":[],"class_list":["post-254050","post","type-post","status-publish","format-standard","has-post-thumbnail","","category-dunya1","category-haberler-arap-uluslararasi-politika","category-son-haberler"],"_links":{"self":[{"href":"https:\/\/archive.sana.sy\/tr\/index.php?rest_route=\/wp\/v2\/posts\/254050","targetHints":{"allow":["GET"]}}],"collection":[{"href":"https:\/\/archive.sana.sy\/tr\/index.php?rest_route=\/wp\/v2\/posts"}],"about":[{"href":"https:\/\/archive.sana.sy\/tr\/index.php?rest_route=\/wp\/v2\/types\/post"}],"author":[{"embeddable":true,"href":"https:\/\/archive.sana.sy\/tr\/index.php?rest_route=\/wp\/v2\/users\/36"}],"replies":[{"embeddable":true,"href":"https:\/\/archive.sana.sy\/tr\/index.php?rest_route=%2Fwp%2Fv2%2Fcomments&post=254050"}],"version-history":[{"count":0,"href":"https:\/\/archive.sana.sy\/tr\/index.php?rest_route=\/wp\/v2\/posts\/254050\/revisions"}],"wp:featuredmedia":[{"embeddable":true,"href":"https:\/\/archive.sana.sy\/tr\/index.php?rest_route=\/wp\/v2\/media\/254051"}],"wp:attachment":[{"href":"https:\/\/archive.sana.sy\/tr\/index.php?rest_route=%2Fwp%2Fv2%2Fmedia&parent=254050"}],"wp:term":[{"taxonomy":"category","embeddable":true,"href":"https:\/\/archive.sana.sy\/tr\/index.php?rest_route=%2Fwp%2Fv2%2Fcategories&post=254050"},{"taxonomy":"post_tag","embeddable":true,"href":"https:\/\/archive.sana.sy\/tr\/index.php?rest_route=%2Fwp%2Fv2%2Ftags&post=254050"}],"curies":[{"name":"wp","href":"https:\/\/api.w.org\/{rel}","templated":true}]}}