{"id":254053,"date":"2022-04-30T13:51:53","date_gmt":"2022-04-30T10:51:53","guid":{"rendered":"http:\/\/107.6.182.27\/tr\/?p=254053"},"modified":"2022-05-02T08:29:37","modified_gmt":"2022-05-02T05:29:37","slug":"cumhurbaskani-esad-30-4-2022den-once-islenen-teror-suclari-icin-genel-af-kanunu-cikardi","status":"publish","type":"post","link":"https:\/\/archive.sana.sy\/tr\/?p=254053","title":{"rendered":"Cumhurba\u015fkan\u0131 Esad, 30\/4\/2022&#8217;den \u00d6nce \u0130\u015flenen Ter\u00f6r Su\u00e7lar\u0131 \u0130\u00e7in Genel Af Kanunu \u00c7\u0131kard\u0131"},"content":{"rendered":"<p>\u015eAM \u2013 Cumhurba\u015fkan\u0131 Be\u015far Esad, 30 Nisan 2022&#8217;den \u00f6nce bir insan\u0131n \u00f6l\u00fcm\u00fcne yol a\u00e7anlar hari\u00e7 Suriyeliler taraf\u0131ndan i\u015flenen ter\u00f6r su\u00e7lar\u0131 i\u00e7in, 2022 y\u0131l\u0131 7 Say\u0131l\u0131 Kanun H\u00fckm\u00fcnde Kararname\u2019yi yay\u0131mlayarak genel af ilan etti..<\/p>\n<p><span style=\"color: #0000ff;\">#Telegram_Kanal\u0131m\u0131z: https:\/\/t.me\/SuriyeArapHaberAjansI<\/span><\/p>\n","protected":false},"excerpt":{"rendered":"<p>\u015eAM \u2013 Cumhurba\u015fkan\u0131 Be\u015far Esad, 30 Nisan 2022&#8217;den \u00f6nce bir insan\u0131n \u00f6l\u00fcm\u00fcne yol a\u00e7anlar hari\u00e7 Suriyeliler taraf\u0131ndan i\u015flenen ter\u00f6r su\u00e7lar\u0131 i\u00e7in, 2022 y\u0131l\u0131 7 Say\u0131l\u0131 Kanun H\u00fckm\u00fcnde Kararname\u2019yi yay\u0131mlayarak genel af ilan etti.. #Telegram_Kanal\u0131m\u0131z: https:\/\/t.me\/SuriyeArapHaberAjansI<\/p>\n","protected":false},"author":36,"featured_media":254054,"comment_status":"closed","ping_status":"closed","sticky":false,"template":"","format":"standard","meta":{"footnotes":""},"categories":[605,17988,612,599],"tags":[],"class_list":["post-254053","post","type-post","status-publish","format-standard","has-post-thumbnail","","category-sayin-cumhurbaskani","category-son-haberler","category-yasama-kararnameler","category-yasama-ve-kanunlar"],"_links":{"self":[{"href":"https:\/\/archive.sana.sy\/tr\/index.php?rest_route=\/wp\/v2\/posts\/254053","targetHints":{"allow":["GET"]}}],"collection":[{"href":"https:\/\/archive.sana.sy\/tr\/index.php?rest_route=\/wp\/v2\/posts"}],"about":[{"href":"https:\/\/archive.sana.sy\/tr\/index.php?rest_route=\/wp\/v2\/types\/post"}],"author":[{"embeddable":true,"href":"https:\/\/archive.sana.sy\/tr\/index.php?rest_route=\/wp\/v2\/users\/36"}],"replies":[{"embeddable":true,"href":"https:\/\/archive.sana.sy\/tr\/index.php?rest_route=%2Fwp%2Fv2%2Fcomments&post=254053"}],"version-history":[{"count":0,"href":"https:\/\/archive.sana.sy\/tr\/index.php?rest_route=\/wp\/v2\/posts\/254053\/revisions"}],"wp:featuredmedia":[{"embeddable":true,"href":"https:\/\/archive.sana.sy\/tr\/index.php?rest_route=\/wp\/v2\/media\/254054"}],"wp:attachment":[{"href":"https:\/\/archive.sana.sy\/tr\/index.php?rest_route=%2Fwp%2Fv2%2Fmedia&parent=254053"}],"wp:term":[{"taxonomy":"category","embeddable":true,"href":"https:\/\/archive.sana.sy\/tr\/index.php?rest_route=%2Fwp%2Fv2%2Fcategories&post=254053"},{"taxonomy":"post_tag","embeddable":true,"href":"https:\/\/archive.sana.sy\/tr\/index.php?rest_route=%2Fwp%2Fv2%2Ftags&post=254053"}],"curies":[{"name":"wp","href":"https:\/\/api.w.org\/{rel}","templated":true}]}}