{"id":254071,"date":"2022-04-30T23:32:42","date_gmt":"2022-04-30T20:32:42","guid":{"rendered":"http:\/\/107.6.182.27\/tr\/?p=254071"},"modified":"2022-05-01T08:54:22","modified_gmt":"2022-05-01T05:54:22","slug":"rakkada-iki-saldirida-dsg-milislerinden-bir-lider-olduruldu-bazilari-yaralandi","status":"publish","type":"post","link":"https:\/\/archive.sana.sy\/tr\/?p=254071","title":{"rendered":"Rakka&#8217;da \u0130ki Sald\u0131r\u0131da DSG Milislerinden Bir Lider \u00d6ld\u00fcr\u00fcld\u00fc Baz\u0131lar\u0131 Yaraland\u0131"},"content":{"rendered":"<p>RAKKA &#8211; Amerikan i\u015fgali ile ba\u011flant\u0131l\u0131 DSG milislerinin bir lideri, Rakka kenti ile Ayn \u0130sa beldesi aras\u0131ndaki yolda giderken arabas\u0131n\u0131 hedef alan patlay\u0131c\u0131n\u0131n infilak etmesi sonucu hayat\u0131n\u0131 kaybetti.<\/p>\n<p>Yerel kaynaklar SANA muhabirine, Rakka \u015fehri ile Ayn \u0130sa beldesi aras\u0131ndaki yola bir patlay\u0131c\u0131n\u0131n yerle\u015ftirildi\u011fini ve bir Toyota otomobilinin ayr\u0131l\u0131k\u00e7\u0131 (DSG) milislerin bir lideri taraf\u0131ndan ge\u00e7i\u015fi esnas\u0131nda ona e\u015filk eden ba\u015fka bir ara\u00e7la birlikte infilak etti\u011fini bunun sonucunda liderin olay yerinde \u00f6l\u00fcm\u00fcne yol a\u00e7t\u0131\u011f\u0131n\u0131 ifade etti.<\/p>\n<p>Kaynaklar, Rakka kent merkezinin g\u00fcneyindeki Kesrat beldesine giden yolda DSG milislerine ait askeri bir araca bir ba\u015fka patlay\u0131c\u0131n\u0131n infilak etti\u011fine, bunun sonucunda arac\u0131n zarar g\u00f6rmesine ek olarak i\u00e7eridekilerin de yaralanmas\u0131na neden oldu\u011funa dikkat \u00e7ekti.<\/p>\n","protected":false},"excerpt":{"rendered":"<p>RAKKA &#8211; Amerikan i\u015fgali ile ba\u011flant\u0131l\u0131 DSG milislerinin bir lideri, Rakka kenti ile Ayn \u0130sa beldesi aras\u0131ndaki yolda giderken arabas\u0131n\u0131 hedef alan patlay\u0131c\u0131n\u0131n infilak etmesi sonucu hayat\u0131n\u0131 kaybetti. Yerel kaynaklar SANA muhabirine, Rakka \u015fehri ile Ayn \u0130sa beldesi aras\u0131ndaki yola bir patlay\u0131c\u0131n\u0131n yerle\u015ftirildi\u011fini ve bir Toyota otomobilinin ayr\u0131l\u0131k\u00e7\u0131 (DSG) milislerin bir lideri taraf\u0131ndan ge\u00e7i\u015fi esnas\u0131nda &hellip;<\/p>\n","protected":false},"author":1,"featured_media":254073,"comment_status":"closed","ping_status":"closed","sticky":false,"template":"","format":"standard","meta":{"footnotes":""},"categories":[479,575,17988,478],"tags":[],"class_list":["post-254071","post","type-post","status-publish","format-standard","has-post-thumbnail","","category-haberler-yerel","category-olaylar-ve-gercekler","category-son-haberler","category-yerel"],"_links":{"self":[{"href":"https:\/\/archive.sana.sy\/tr\/index.php?rest_route=\/wp\/v2\/posts\/254071","targetHints":{"allow":["GET"]}}],"collection":[{"href":"https:\/\/archive.sana.sy\/tr\/index.php?rest_route=\/wp\/v2\/posts"}],"about":[{"href":"https:\/\/archive.sana.sy\/tr\/index.php?rest_route=\/wp\/v2\/types\/post"}],"author":[{"embeddable":true,"href":"https:\/\/archive.sana.sy\/tr\/index.php?rest_route=\/wp\/v2\/users\/1"}],"replies":[{"embeddable":true,"href":"https:\/\/archive.sana.sy\/tr\/index.php?rest_route=%2Fwp%2Fv2%2Fcomments&post=254071"}],"version-history":[{"count":0,"href":"https:\/\/archive.sana.sy\/tr\/index.php?rest_route=\/wp\/v2\/posts\/254071\/revisions"}],"wp:featuredmedia":[{"embeddable":true,"href":"https:\/\/archive.sana.sy\/tr\/index.php?rest_route=\/wp\/v2\/media\/254073"}],"wp:attachment":[{"href":"https:\/\/archive.sana.sy\/tr\/index.php?rest_route=%2Fwp%2Fv2%2Fmedia&parent=254071"}],"wp:term":[{"taxonomy":"category","embeddable":true,"href":"https:\/\/archive.sana.sy\/tr\/index.php?rest_route=%2Fwp%2Fv2%2Fcategories&post=254071"},{"taxonomy":"post_tag","embeddable":true,"href":"https:\/\/archive.sana.sy\/tr\/index.php?rest_route=%2Fwp%2Fv2%2Ftags&post=254071"}],"curies":[{"name":"wp","href":"https:\/\/api.w.org\/{rel}","templated":true}]}}