{"id":254112,"date":"2022-05-01T18:43:07","date_gmt":"2022-05-01T15:43:07","guid":{"rendered":"http:\/\/107.6.182.27\/tr\/?p=254112"},"modified":"2022-05-04T08:58:09","modified_gmt":"2022-05-04T05:58:09","slug":"mikdad-ve-abdullehyan-telefon-gorusmesinde-karsilikli-cikar-meselelerini-ele-aldilar","status":"publish","type":"post","link":"https:\/\/archive.sana.sy\/tr\/?p=254112","title":{"rendered":"Mikdad ve Abdullehyan Telefon G\u00f6r\u00fc\u015fmesinde Kar\u015f\u0131l\u0131kl\u0131 \u00c7\u0131kar Meselelerini Ele Ald\u0131lar"},"content":{"rendered":"<p style=\"text-align: justify;\">\u015eAM &#8211; D\u0131\u015fi\u015fleri ve Gurbet\u00e7iler Bakan\u0131 Dr. Faysal Mikdad, \u0130ran D\u0131\u015fi\u015fleri Bakan\u0131 H\u00fcseyin Emir Abdullehyan ile yapt\u0131\u011f\u0131 telefon g\u00f6r\u00fc\u015fmesinde, iki \u00fclke aras\u0131ndaki bir dizi ortak \u00e7\u0131kar konusunu ele ald\u0131.<\/p>\n<p style=\"text-align: justify;\">G\u00f6r\u00fc\u015fme s\u0131ras\u0131nda Bakan Mikdad, \u0130ran \u0130slam Cumhuriyeti&#8217;ni, y\u00f6netimini ve halk\u0131n\u0131 Ramazan Bayram\u0131 dolay\u0131s\u0131yla tebrik ederek, refah ve refah\u0131n devam\u0131n\u0131 dilerken, Bakan Abdullehyan bu tebrik i\u00e7in en i\u00e7ten te\u015fekk\u00fcrlerini dile getirdi, Suriye, halk\u0131 ve liderli\u011fine en iyi dileklerini iletti.<\/p>\n<p style=\"text-align: justify;\">\u0130ki taraf, Suriye, \u0130ran ve d\u00fcnyan\u0131n \u00e7e\u015fitli \u00fclkelerinde Uluslararas\u0131 Kud\u00fcs G\u00fcn\u00fc&#8217;n\u00fc anma konular\u0131n\u0131 ve \u00fclkelerinin, \u0130srail&#8217;in Mescid-i Aksa&#8217;ya y\u00f6nelik canice sald\u0131r\u0131lar\u0131 kar\u015f\u0131s\u0131nda Filistin halk\u0131n\u0131n kararl\u0131l\u0131\u011f\u0131na tam deste\u011fini ele alarak, iki \u00fclkenin Filistin halk\u0131na ve me\u015fru haklar\u0131na kar\u015f\u0131 kararl\u0131 duru\u015funu belirtti.<\/p>\n<p style=\"text-align: justify;\">Bakan Mikdad, Suriye ile \u0130ran aras\u0131ndaki stratejik ili\u015fkilerin her zaman daha fazla geli\u015fmeye do\u011fru ilerledi\u011fini belirterek, Bat\u0131&#8217;n\u0131n dayat\u0131lan yasad\u0131\u015f\u0131 ve insanl\u0131k d\u0131\u015f\u0131 zorlay\u0131c\u0131 ekonomik \u00f6nlemlerinin iki \u00fclkenin halklar\u0131 \u00fczerine y\u00f6nelik etkileriyle y\u00fczle\u015fmek i\u00e7in iki \u00fclke aras\u0131ndaki ekonomik i\u015fbirli\u011finin aktivasyonunu art\u0131rma gere\u011fini vurgulad\u0131.<\/p>\n<p style=\"text-align: justify;\">Buna kar\u015f\u0131l\u0131k Abdullehyan, Suriye ile \u0130ran aras\u0131ndaki ili\u015fkilerin derinli\u011fine ve iki \u00fclke aras\u0131ndaki her alanda i\u015fbirli\u011fini geli\u015ftirmeye y\u00f6nelik s\u00fcrekli \u00e7abaya de\u011finerek, \u00fclkesinin Suriye ve halk\u0131na deste\u011fini ve tek tarafl\u0131 zorlay\u0131c\u0131 \u00f6nlemlerin etkilerinin olumsuzluklar\u0131n\u0131n \u00fcstesinden gelmek i\u00e7in m\u00fcmk\u00fcn olan her \u015feyi sa\u011flamaya haz\u0131r oldu\u011funa i\u015faret etti.<\/p>\n","protected":false},"excerpt":{"rendered":"<p>\u015eAM &#8211; D\u0131\u015fi\u015fleri ve Gurbet\u00e7iler Bakan\u0131 Dr. Faysal Mikdad, \u0130ran D\u0131\u015fi\u015fleri Bakan\u0131 H\u00fcseyin Emir Abdullehyan ile yapt\u0131\u011f\u0131 telefon g\u00f6r\u00fc\u015fmesinde, iki \u00fclke aras\u0131ndaki bir dizi ortak \u00e7\u0131kar konusunu ele ald\u0131. G\u00f6r\u00fc\u015fme s\u0131ras\u0131nda Bakan Mikdad, \u0130ran \u0130slam Cumhuriyeti&#8217;ni, y\u00f6netimini ve halk\u0131n\u0131 Ramazan Bayram\u0131 dolay\u0131s\u0131yla tebrik ederek, refah ve refah\u0131n devam\u0131n\u0131 dilerken, Bakan Abdullehyan bu tebrik i\u00e7in en &hellip;<\/p>\n","protected":false},"author":1,"featured_media":254113,"comment_status":"closed","ping_status":"closed","sticky":false,"template":"","format":"standard","meta":{"footnotes":""},"categories":[479,17988,478],"tags":[],"class_list":["post-254112","post","type-post","status-publish","format-standard","has-post-thumbnail","","category-haberler-yerel","category-son-haberler","category-yerel"],"_links":{"self":[{"href":"https:\/\/archive.sana.sy\/tr\/index.php?rest_route=\/wp\/v2\/posts\/254112","targetHints":{"allow":["GET"]}}],"collection":[{"href":"https:\/\/archive.sana.sy\/tr\/index.php?rest_route=\/wp\/v2\/posts"}],"about":[{"href":"https:\/\/archive.sana.sy\/tr\/index.php?rest_route=\/wp\/v2\/types\/post"}],"author":[{"embeddable":true,"href":"https:\/\/archive.sana.sy\/tr\/index.php?rest_route=\/wp\/v2\/users\/1"}],"replies":[{"embeddable":true,"href":"https:\/\/archive.sana.sy\/tr\/index.php?rest_route=%2Fwp%2Fv2%2Fcomments&post=254112"}],"version-history":[{"count":0,"href":"https:\/\/archive.sana.sy\/tr\/index.php?rest_route=\/wp\/v2\/posts\/254112\/revisions"}],"wp:featuredmedia":[{"embeddable":true,"href":"https:\/\/archive.sana.sy\/tr\/index.php?rest_route=\/wp\/v2\/media\/254113"}],"wp:attachment":[{"href":"https:\/\/archive.sana.sy\/tr\/index.php?rest_route=%2Fwp%2Fv2%2Fmedia&parent=254112"}],"wp:term":[{"taxonomy":"category","embeddable":true,"href":"https:\/\/archive.sana.sy\/tr\/index.php?rest_route=%2Fwp%2Fv2%2Fcategories&post=254112"},{"taxonomy":"post_tag","embeddable":true,"href":"https:\/\/archive.sana.sy\/tr\/index.php?rest_route=%2Fwp%2Fv2%2Ftags&post=254112"}],"curies":[{"name":"wp","href":"https:\/\/api.w.org\/{rel}","templated":true}]}}