{"id":254115,"date":"2022-05-01T23:55:31","date_gmt":"2022-05-01T20:55:31","guid":{"rendered":"http:\/\/107.6.182.27\/tr\/?p=254115"},"modified":"2022-05-04T08:58:47","modified_gmt":"2022-05-04T05:58:47","slug":"cumhurbaskani-esad-ve-seyh-muhammed-bin-zayed-al-nheyyan-mubarek-ramazan-bayrami-kutlamasinda-bulundu","status":"publish","type":"post","link":"https:\/\/archive.sana.sy\/tr\/?p=254115","title":{"rendered":"Cumhurba\u015fkan\u0131 Esad Ve \u015eeyh Muhammed Bin Zayed Al Nheyyan M\u00fcbarek Ramazan Bayram\u0131 Kutlamas\u0131nda Bulundu"},"content":{"rendered":"<p style=\"text-align: justify;\">\u015eAM &#8211; Cumhurba\u015fkan\u0131 Be\u015f\u015far Esad ve Abu Dabi Veliaht Prensi Silahl\u0131 Kuvvetler Y\u00fcksek Komutan Yard\u0131mc\u0131s\u0131 \u015eeyh Muhammed bin Zayed Al Nheyyan, bu ak\u015fam aralar\u0131nda bir telefon g\u00f6r\u00fc\u015fmesi s\u0131ras\u0131nda Ramazan Bayram\u0131 vesilesiyle tebriklerde bulundular.<\/p>\n<p style=\"text-align: justify;\">Say\u0131n Cumhurba\u015fkan\u0131 ve \u015eeyh Muhammed bin Zayed, iki karde\u015f \u00fclke Suriye ve BAE halk\u0131na s\u00fcrekli iyilik ve ilerleme ile iki \u00fclke aras\u0131ndaki g\u00fc\u00e7l\u00fc ili\u015fkiler ve onlar\u0131 her alanda daha fazla refah i\u00e7in bir araya getiren ikili i\u015fbirli\u011fi dileklerini dile getirdi.<\/p>\n","protected":false},"excerpt":{"rendered":"<p>\u015eAM &#8211; Cumhurba\u015fkan\u0131 Be\u015f\u015far Esad ve Abu Dabi Veliaht Prensi Silahl\u0131 Kuvvetler Y\u00fcksek Komutan Yard\u0131mc\u0131s\u0131 \u015eeyh Muhammed bin Zayed Al Nheyyan, bu ak\u015fam aralar\u0131nda bir telefon g\u00f6r\u00fc\u015fmesi s\u0131ras\u0131nda Ramazan Bayram\u0131 vesilesiyle tebriklerde bulundular. Say\u0131n Cumhurba\u015fkan\u0131 ve \u015eeyh Muhammed bin Zayed, iki karde\u015f \u00fclke Suriye ve BAE halk\u0131na s\u00fcrekli iyilik ve ilerleme ile iki \u00fclke aras\u0131ndaki &hellip;<\/p>\n","protected":false},"author":1,"featured_media":254116,"comment_status":"closed","ping_status":"closed","sticky":false,"template":"","format":"standard","meta":{"footnotes":""},"categories":[608,479,605,478],"tags":[],"class_list":["post-254115","post","type-post","status-publish","format-standard","has-post-thumbnail","","category-etkinlikler","category-haberler-yerel","category-sayin-cumhurbaskani","category-yerel"],"_links":{"self":[{"href":"https:\/\/archive.sana.sy\/tr\/index.php?rest_route=\/wp\/v2\/posts\/254115","targetHints":{"allow":["GET"]}}],"collection":[{"href":"https:\/\/archive.sana.sy\/tr\/index.php?rest_route=\/wp\/v2\/posts"}],"about":[{"href":"https:\/\/archive.sana.sy\/tr\/index.php?rest_route=\/wp\/v2\/types\/post"}],"author":[{"embeddable":true,"href":"https:\/\/archive.sana.sy\/tr\/index.php?rest_route=\/wp\/v2\/users\/1"}],"replies":[{"embeddable":true,"href":"https:\/\/archive.sana.sy\/tr\/index.php?rest_route=%2Fwp%2Fv2%2Fcomments&post=254115"}],"version-history":[{"count":0,"href":"https:\/\/archive.sana.sy\/tr\/index.php?rest_route=\/wp\/v2\/posts\/254115\/revisions"}],"wp:featuredmedia":[{"embeddable":true,"href":"https:\/\/archive.sana.sy\/tr\/index.php?rest_route=\/wp\/v2\/media\/254116"}],"wp:attachment":[{"href":"https:\/\/archive.sana.sy\/tr\/index.php?rest_route=%2Fwp%2Fv2%2Fmedia&parent=254115"}],"wp:term":[{"taxonomy":"category","embeddable":true,"href":"https:\/\/archive.sana.sy\/tr\/index.php?rest_route=%2Fwp%2Fv2%2Fcategories&post=254115"},{"taxonomy":"post_tag","embeddable":true,"href":"https:\/\/archive.sana.sy\/tr\/index.php?rest_route=%2Fwp%2Fv2%2Ftags&post=254115"}],"curies":[{"name":"wp","href":"https:\/\/api.w.org\/{rel}","templated":true}]}}