{"id":254118,"date":"2022-05-01T23:40:03","date_gmt":"2022-05-01T20:40:03","guid":{"rendered":"http:\/\/107.6.182.27\/tr\/?p=254118"},"modified":"2022-05-04T08:58:16","modified_gmt":"2022-05-04T05:58:16","slug":"vakiflar-bakani-suriye-ramazan-bayramini-karsilarken-topraklarinin-her-karisindan-terorun-zevale-ermesine-yonelik-umudu-buyuktur","status":"publish","type":"post","link":"https:\/\/archive.sana.sy\/tr\/?p=254118","title":{"rendered":"Vak\u0131flar Bakan\u0131: Suriye, Ramazan Bayram\u0131&#8217;n\u0131 Kar\u015f\u0131larken Topraklar\u0131n\u0131n Her Kar\u0131\u015f\u0131ndan Ter\u00f6r\u00fcn Zevale Ermesine Y\u00f6nelik Umudu B\u00fcy\u00fckt\u00fcr"},"content":{"rendered":"<p style=\"text-align: justify;\">\u015eAM &#8211; Vak\u0131flar Bakan\u0131 Dr. Muhammed Abdulsettar Al Seyyid, salih amel ay\u0131n\u0131n ard\u0131ndan gelen Ramazan Bayram\u0131&#8217;n\u0131n y\u00fcce anlamlar\u0131na vurgu yaparak, Ramazan ay\u0131n\u0131n bizlere veda ederken beraberinde yarat\u0131c\u0131m\u0131za, orucumuz, dirili\u015fimiz, hay\u0131rseverlerin sadakalar\u0131 ve yoksullar\u0131n \u015f\u00fckr\u00fcn\u00fc ta\u015f\u0131d\u0131.<\/p>\n<p style=\"text-align: justify;\">Bakan El Seyyid, Ramazan Bayram\u0131 m\u00fcnasebetiyle bug\u00fcn yapt\u0131\u011f\u0131 konu\u015fmada \u015funlar\u0131 s\u00f6yledi: \u201cRamazan Bayram\u0131&#8217;n\u0131n faziletlerinden biri, m\u00fcminlerin kalplerinde h\u00fcz\u00fcn, sevin\u00e7 ve \u00fcmidi kar\u0131\u015ft\u0131rmas\u0131d\u0131r. Onlar hay\u0131r ay\u0131n\u0131n sona ermesine h\u00fcz\u00fcnl\u00fcd\u00fcrler, taatlerini tamamlamalar\u0131ndan dolay\u0131 da sevin\u00e7lidirler, dualar\u0131n\u0131n kabul g\u00f6rmesi i\u00e7in de umut ve rica doludurlar&#8221; dedi.<\/p>\n<p style=\"text-align: justify;\">Bakan Al Seyyid: &#8220;Benim ad\u0131ma, Vak\u0131flar Bakanl\u0131\u011f\u0131, onun dini ve e\u011fitim kurumlar\u0131ndaki alimler ve \u00e7al\u0131\u015fanlar ad\u0131na, en y\u00fcksek tebrik ve kutsamalarla birlikte, en y\u00fcksek tebrik ve nimetleri sunmaktan onur duyuyorum. Cumhurba\u015fkan\u0131 Be\u015far Esad&#8217;a ve onun bilge liderli\u011fine ve \u00f6nc\u00fc yoluna en i\u00e7ten ba\u011fl\u0131l\u0131k ve sadakat duygular\u0131yla, Cenab-\u0131 Allah&#8217;tan Suriye&#8217;nin ve d\u00fcnyan\u0131n bu mubarek bayram\u0131n yeniden ihya edilmesini diliyor, Suriyeliler ve t\u00fcm d\u00fcnya talihsizliklerin sona erdi\u011fine, komplo ve ter\u00f6r\u00fcn zevaline tan\u0131k olurken, halk\u0131n g\u00fcvenlik, emniyet, selamet ve istikrar i\u00e7erisinde ya\u015famalar\u0131n\u0131 y\u00fcce Allah&#8217;tan temenni ederim&#8221; dedi.<\/p>\n<p style=\"text-align: justify;\">Vak\u0131flar Bakan\u0131, Suriye&#8217;nin gurur, haysiyet ve \u015fan k\u0131yafetleri i\u00e7inde k\u0131van\u00e7 duymas\u0131, halk\u0131 ve milleti i\u00e7in bir varl\u0131k olarak korumas\u0131 i\u00e7in Say\u0131n Cumhurba\u015fkan\u0131&#8217;n\u0131n do\u011fru ad\u0131mlar\u0131yla y\u00f6nlendirmesi, vatan\u0131n m\u00fcdafaas\u0131n\u0131, milli b\u00fct\u00fcnl\u00fc\u011f\u00fcn\u00fc, saf zenginli\u011fini, vatan\u0131n\u0131n ve milletinin birli\u011fini muhafaza etmeye devam ederken \u015fehit olan salih \u015fehitlerimize rahmet getirmesi ve yaral\u0131lara \u015fifa getirmesi temennisinde bulunarak s\u00f6zlerini tamamlad\u0131.<\/p>\n","protected":false},"excerpt":{"rendered":"<p>\u015eAM &#8211; Vak\u0131flar Bakan\u0131 Dr. Muhammed Abdulsettar Al Seyyid, salih amel ay\u0131n\u0131n ard\u0131ndan gelen Ramazan Bayram\u0131&#8217;n\u0131n y\u00fcce anlamlar\u0131na vurgu yaparak, Ramazan ay\u0131n\u0131n bizlere veda ederken beraberinde yarat\u0131c\u0131m\u0131za, orucumuz, dirili\u015fimiz, hay\u0131rseverlerin sadakalar\u0131 ve yoksullar\u0131n \u015f\u00fckr\u00fcn\u00fc ta\u015f\u0131d\u0131. Bakan El Seyyid, Ramazan Bayram\u0131 m\u00fcnasebetiyle bug\u00fcn yapt\u0131\u011f\u0131 konu\u015fmada \u015funlar\u0131 s\u00f6yledi: \u201cRamazan Bayram\u0131&#8217;n\u0131n faziletlerinden biri, m\u00fcminlerin kalplerinde h\u00fcz\u00fcn, sevin\u00e7 ve &hellip;<\/p>\n","protected":false},"author":1,"featured_media":254119,"comment_status":"closed","ping_status":"closed","sticky":false,"template":"","format":"standard","meta":{"footnotes":""},"categories":[479,17988,478],"tags":[],"class_list":["post-254118","post","type-post","status-publish","format-standard","has-post-thumbnail","","category-haberler-yerel","category-son-haberler","category-yerel"],"_links":{"self":[{"href":"https:\/\/archive.sana.sy\/tr\/index.php?rest_route=\/wp\/v2\/posts\/254118","targetHints":{"allow":["GET"]}}],"collection":[{"href":"https:\/\/archive.sana.sy\/tr\/index.php?rest_route=\/wp\/v2\/posts"}],"about":[{"href":"https:\/\/archive.sana.sy\/tr\/index.php?rest_route=\/wp\/v2\/types\/post"}],"author":[{"embeddable":true,"href":"https:\/\/archive.sana.sy\/tr\/index.php?rest_route=\/wp\/v2\/users\/1"}],"replies":[{"embeddable":true,"href":"https:\/\/archive.sana.sy\/tr\/index.php?rest_route=%2Fwp%2Fv2%2Fcomments&post=254118"}],"version-history":[{"count":0,"href":"https:\/\/archive.sana.sy\/tr\/index.php?rest_route=\/wp\/v2\/posts\/254118\/revisions"}],"wp:featuredmedia":[{"embeddable":true,"href":"https:\/\/archive.sana.sy\/tr\/index.php?rest_route=\/wp\/v2\/media\/254119"}],"wp:attachment":[{"href":"https:\/\/archive.sana.sy\/tr\/index.php?rest_route=%2Fwp%2Fv2%2Fmedia&parent=254118"}],"wp:term":[{"taxonomy":"category","embeddable":true,"href":"https:\/\/archive.sana.sy\/tr\/index.php?rest_route=%2Fwp%2Fv2%2Fcategories&post=254118"},{"taxonomy":"post_tag","embeddable":true,"href":"https:\/\/archive.sana.sy\/tr\/index.php?rest_route=%2Fwp%2Fv2%2Ftags&post=254118"}],"curies":[{"name":"wp","href":"https:\/\/api.w.org\/{rel}","templated":true}]}}