{"id":254121,"date":"2022-05-01T23:50:43","date_gmt":"2022-05-01T20:50:43","guid":{"rendered":"http:\/\/107.6.182.27\/tr\/?p=254121"},"modified":"2022-05-04T08:58:23","modified_gmt":"2022-05-04T05:58:23","slug":"rakkada-duzenlenen-ayri-saldirilarda-cok-sayida-dsg-militani-oldu-ve-yaralandi","status":"publish","type":"post","link":"https:\/\/archive.sana.sy\/tr\/?p=254121","title":{"rendered":"Rakka&#8217;da D\u00fczenlenen Ayr\u0131 Sald\u0131r\u0131larda \u00c7ok Say\u0131da DSG Militan\u0131 \u00d6ld\u00fc Ve Yaraland\u0131."},"content":{"rendered":"<p style=\"text-align: justify;\">RAKKA &#8211; ABD i\u015fgal g\u00fc\u00e7leri taraf\u0131ndan desteklenen \u00e7ok say\u0131da Demokratik Suriye G\u00fc\u00e7leri&#8217;nden (DSG) milisler, Rakka ve k\u0131rsal\u0131ndaki hareketlerini ve askeri noktalar\u0131n\u0131 hedef alan ayr\u0131 sald\u0131r\u0131larda \u00f6ld\u00fc ve yaraland\u0131.<\/p>\n<p style=\"text-align: justify;\">Yerel kaynaklar SANA&#8217;ya verdi\u011fi deme\u00e7te, kimli\u011fi belirsiz ki\u015filerin iki askeri araca ve Rakka kentinin bat\u0131s\u0131ndaki ve \u015fehrin kuzeybat\u0131s\u0131ndaki Hattin \u00e7iftli\u011fi kav\u015fa\u011f\u0131 yak\u0131n\u0131nda ve do\u011fu k\u0131rsal\u0131ndaki Rakka el-Samra k\u00f6y\u00fc civar\u0131nda (DSG) milislerinin bulundu\u011fu bir alana patlay\u0131c\u0131 cihaz ve otomatik tsilahlarla \u00e7ok say\u0131da sald\u0131r\u0131 d\u00fczenledi\u011fini s\u00f6yledi.<\/p>\n<p style=\"text-align: justify;\">Kaynaklar, sald\u0131r\u0131lar\u0131n \u00e7ok say\u0131da milisin \u00f6ld\u00fcr\u00fclmesi, di\u011ferlerinin de\u011fi\u015fen derecelerde yaralanmas\u0131 ve iki araban\u0131n imha edilmesiyle sonu\u00e7land\u0131\u011f\u0131n\u0131 ve askeri noktada \u00f6nemli maddi hasara yol a\u00e7t\u0131\u011f\u0131n\u0131 belirtti.<\/p>\n","protected":false},"excerpt":{"rendered":"<p>RAKKA &#8211; ABD i\u015fgal g\u00fc\u00e7leri taraf\u0131ndan desteklenen \u00e7ok say\u0131da Demokratik Suriye G\u00fc\u00e7leri&#8217;nden (DSG) milisler, Rakka ve k\u0131rsal\u0131ndaki hareketlerini ve askeri noktalar\u0131n\u0131 hedef alan ayr\u0131 sald\u0131r\u0131larda \u00f6ld\u00fc ve yaraland\u0131. Yerel kaynaklar SANA&#8217;ya verdi\u011fi deme\u00e7te, kimli\u011fi belirsiz ki\u015filerin iki askeri araca ve Rakka kentinin bat\u0131s\u0131ndaki ve \u015fehrin kuzeybat\u0131s\u0131ndaki Hattin \u00e7iftli\u011fi kav\u015fa\u011f\u0131 yak\u0131n\u0131nda ve do\u011fu k\u0131rsal\u0131ndaki Rakka el-Samra &hellip;<\/p>\n","protected":false},"author":1,"featured_media":254122,"comment_status":"closed","ping_status":"closed","sticky":false,"template":"","format":"standard","meta":{"footnotes":""},"categories":[479,575,17988,478],"tags":[],"class_list":["post-254121","post","type-post","status-publish","format-standard","has-post-thumbnail","","category-haberler-yerel","category-olaylar-ve-gercekler","category-son-haberler","category-yerel"],"_links":{"self":[{"href":"https:\/\/archive.sana.sy\/tr\/index.php?rest_route=\/wp\/v2\/posts\/254121","targetHints":{"allow":["GET"]}}],"collection":[{"href":"https:\/\/archive.sana.sy\/tr\/index.php?rest_route=\/wp\/v2\/posts"}],"about":[{"href":"https:\/\/archive.sana.sy\/tr\/index.php?rest_route=\/wp\/v2\/types\/post"}],"author":[{"embeddable":true,"href":"https:\/\/archive.sana.sy\/tr\/index.php?rest_route=\/wp\/v2\/users\/1"}],"replies":[{"embeddable":true,"href":"https:\/\/archive.sana.sy\/tr\/index.php?rest_route=%2Fwp%2Fv2%2Fcomments&post=254121"}],"version-history":[{"count":0,"href":"https:\/\/archive.sana.sy\/tr\/index.php?rest_route=\/wp\/v2\/posts\/254121\/revisions"}],"wp:featuredmedia":[{"embeddable":true,"href":"https:\/\/archive.sana.sy\/tr\/index.php?rest_route=\/wp\/v2\/media\/254122"}],"wp:attachment":[{"href":"https:\/\/archive.sana.sy\/tr\/index.php?rest_route=%2Fwp%2Fv2%2Fmedia&parent=254121"}],"wp:term":[{"taxonomy":"category","embeddable":true,"href":"https:\/\/archive.sana.sy\/tr\/index.php?rest_route=%2Fwp%2Fv2%2Fcategories&post=254121"},{"taxonomy":"post_tag","embeddable":true,"href":"https:\/\/archive.sana.sy\/tr\/index.php?rest_route=%2Fwp%2Fv2%2Ftags&post=254121"}],"curies":[{"name":"wp","href":"https:\/\/api.w.org\/{rel}","templated":true}]}}