{"id":254208,"date":"2022-05-03T12:41:40","date_gmt":"2022-05-03T09:41:40","guid":{"rendered":"http:\/\/107.6.182.27\/tr\/?p=254208"},"modified":"2022-05-04T08:58:03","modified_gmt":"2022-05-04T05:58:03","slug":"rusya-savunmasi-abd-ve-avrupa-kaynakli-fuze-muhimmati-ve-silahlariyla-ukraynali-drone-hangarlari-imha-edildi","status":"publish","type":"post","link":"https:\/\/archive.sana.sy\/tr\/?p=254208","title":{"rendered":"Rusya Savunmas\u0131: ABD Ve Avrupa Kaynakl\u0131 F\u00fcze M\u00fchimmat\u0131 Ve Silahlar\u0131yla Ukraynal\u0131 Drone Hangarlar\u0131 \u0130mha Edildi"},"content":{"rendered":"<p>MOSKOVA &#8211; Rusya Savunma Bakanl\u0131\u011f\u0131, Ukrayna&#8217;n\u0131n Odessa kenti yak\u0131nlar\u0131ndaki bir askeri havaalan\u0131nda, i\u00e7inde yabanc\u0131 silahlar bulunan bir lojistik merkezinin y\u00fcksek hassasiyetli (Onyx) f\u00fczelerle imha edildi\u011fini ilan etti.<\/p>\n<p>Bakanl\u0131k, g\u00fcnl\u00fck bas\u0131n a\u00e7\u0131klamas\u0131nda, Odessa yak\u0131nlar\u0131ndaki ABD ve Avrupa kaynakl\u0131 silah ve f\u00fcze m\u00fchimmat\u0131na ek olarak &#8220;Bayraktar&#8221; drone hangarlar\u0131n\u0131n da imha edildi\u011fini s\u00f6yledi.<\/p>\n<p><a class=\"oajrlxb2 g5ia77u1 qu0x051f esr5mh6w e9989ue4 r7d6kgcz rq0escxv nhd2j8a9 nc684nl6 p7hjln8o kvgmc6g5 cxmmr5t8 oygrvhab hcukyx3x jb3vyjys rz4wbd8a qt6c0cv9 a8nywdso i1ao9s8h esuyzwwr f1sip0of lzcic4wl gpro0wi8 q66pz984 b1v8xokw\" tabindex=\"0\" role=\"link\" href=\"https:\/\/www.facebook.com\/hashtag\/telegram_kanal%C4%B1m%C4%B1z?__eep__=6&amp;__cft__[0]=AZWzNjfPM1UNIyLwHC76_X_e7E_DJQPo28NEcYN1dQZq5J3SkRjT3vHpW4EN_JJST5LCyHKCOGn-zgLkoKXpp6PBrwkek-mkVeLy_5oeg4ZRxNa2amWog8pUOSy13lX0psuYobFg1hnULSpF9CIbuhFV&amp;__tn__=*NK-R\">#Telegram_Kanal\u0131m\u0131z<\/a>: <a class=\"oajrlxb2 g5ia77u1 qu0x051f esr5mh6w e9989ue4 r7d6kgcz rq0escxv nhd2j8a9 nc684nl6 p7hjln8o kvgmc6g5 cxmmr5t8 oygrvhab hcukyx3x jb3vyjys rz4wbd8a qt6c0cv9 a8nywdso i1ao9s8h esuyzwwr f1sip0of lzcic4wl gpro0wi8 py34i1dx\" tabindex=\"0\" role=\"link\" href=\"https:\/\/l.facebook.com\/l.php?u=https%3A%2F%2Ft.me%2FSuriyeArapHaberAjansI%3Ffbclid%3DIwAR2OPWY5knL1P973JwdKyeC76Wfin_RRUgFqE0msmdmlJGTf1ygXKPuzg5Y&amp;h=AT2a3lbg2XiWSTEuHXT6_ZXOAwyNhb395iVk88iZiEhqGxd4gGxC0XaXLedOn2zB94pz0WF6xj1P-wzHUPezl9WWcIU0O626pWaSnFIHUAWPjtff8Duqsds3XdAHYVBc14k&amp;__tn__=-UK-R&amp;c[0]=AT3FnAtJSXwyMjM8kkKGiD6aMvnVmEN0dGa0Md1287ib9vLsLxgwR3cO4BWyMy-gkippyBRzMii8hLBN2RTw9_znlZp9BtUGTselVpfvoJweGKs7ls_sLQDI9ySP6V5Wsrh3kr3XovRlB1X4PZhIGLkwp7QVXq-aNwHqTI1oXWD_8Q\" target=\"_blank\" rel=\"nofollow noopener\">https:\/\/t.me\/SuriyeArapHaberAjansI<\/a><\/p>\n","protected":false},"excerpt":{"rendered":"<p>MOSKOVA &#8211; Rusya Savunma Bakanl\u0131\u011f\u0131, Ukrayna&#8217;n\u0131n Odessa kenti yak\u0131nlar\u0131ndaki bir askeri havaalan\u0131nda, i\u00e7inde yabanc\u0131 silahlar bulunan bir lojistik merkezinin y\u00fcksek hassasiyetli (Onyx) f\u00fczelerle imha edildi\u011fini ilan etti. Bakanl\u0131k, g\u00fcnl\u00fck bas\u0131n a\u00e7\u0131klamas\u0131nda, Odessa yak\u0131nlar\u0131ndaki ABD ve Avrupa kaynakl\u0131 silah ve f\u00fcze m\u00fchimmat\u0131na ek olarak &#8220;Bayraktar&#8221; drone hangarlar\u0131n\u0131n da imha edildi\u011fini s\u00f6yledi. #Telegram_Kanal\u0131m\u0131z: https:\/\/t.me\/SuriyeArapHaberAjansI<\/p>\n","protected":false},"author":1,"featured_media":254209,"comment_status":"closed","ping_status":"closed","sticky":false,"template":"","format":"standard","meta":{"footnotes":""},"categories":[458,459,17988],"tags":[],"class_list":["post-254208","post","type-post","status-publish","format-standard","has-post-thumbnail","","category-dunya1","category-haberler-arap-uluslararasi-politika","category-son-haberler"],"_links":{"self":[{"href":"https:\/\/archive.sana.sy\/tr\/index.php?rest_route=\/wp\/v2\/posts\/254208","targetHints":{"allow":["GET"]}}],"collection":[{"href":"https:\/\/archive.sana.sy\/tr\/index.php?rest_route=\/wp\/v2\/posts"}],"about":[{"href":"https:\/\/archive.sana.sy\/tr\/index.php?rest_route=\/wp\/v2\/types\/post"}],"author":[{"embeddable":true,"href":"https:\/\/archive.sana.sy\/tr\/index.php?rest_route=\/wp\/v2\/users\/1"}],"replies":[{"embeddable":true,"href":"https:\/\/archive.sana.sy\/tr\/index.php?rest_route=%2Fwp%2Fv2%2Fcomments&post=254208"}],"version-history":[{"count":0,"href":"https:\/\/archive.sana.sy\/tr\/index.php?rest_route=\/wp\/v2\/posts\/254208\/revisions"}],"wp:featuredmedia":[{"embeddable":true,"href":"https:\/\/archive.sana.sy\/tr\/index.php?rest_route=\/wp\/v2\/media\/254209"}],"wp:attachment":[{"href":"https:\/\/archive.sana.sy\/tr\/index.php?rest_route=%2Fwp%2Fv2%2Fmedia&parent=254208"}],"wp:term":[{"taxonomy":"category","embeddable":true,"href":"https:\/\/archive.sana.sy\/tr\/index.php?rest_route=%2Fwp%2Fv2%2Fcategories&post=254208"},{"taxonomy":"post_tag","embeddable":true,"href":"https:\/\/archive.sana.sy\/tr\/index.php?rest_route=%2Fwp%2Fv2%2Ftags&post=254208"}],"curies":[{"name":"wp","href":"https:\/\/api.w.org\/{rel}","templated":true}]}}