{"id":254217,"date":"2022-05-03T13:02:51","date_gmt":"2022-05-03T10:02:51","guid":{"rendered":"http:\/\/107.6.182.27\/tr\/?p=254217"},"modified":"2022-05-04T08:58:13","modified_gmt":"2022-05-04T05:58:13","slug":"bastrykin-abd-savunma-bakanligindan-temsilcilerin-ukraynadaki-biyolojik-silah-programinda-parmaklari-var","status":"publish","type":"post","link":"https:\/\/archive.sana.sy\/tr\/?p=254217","title":{"rendered":"Bastrykin: ABD Savunma Bakanl\u0131\u011f\u0131&#8217;ndan Temsilcilerin Ukrayna&#8217;daki Biyolojik Silah Program\u0131nda Parmaklar\u0131 Var"},"content":{"rendered":"<p>MOSKOVA &#8211; Rusya Soru\u015fturma Komitesi ba\u015fkan\u0131 Aleksander Bastrykin, ABD Savunma Bakanl\u0131\u011f\u0131&#8217;ndan ve Ukrayna&#8217;daki biyolojik silah program\u0131nda parmaklar\u0131 olan ABD \u015firketlerinden ki\u015filerin oldu\u011funu ortaya \u00e7\u0131kard\u0131.<\/p>\n<p>Bastrykin, Rusya Bug\u00fcn kanal\u0131na verdi\u011fi r\u00f6portajda, elde edilen belgelerin analizinin, ABD Savunma Bakanl\u0131\u011f\u0131 temsilcileri ve Amerikan finansman \u015firketlerinin temsilcileri de dahil olmak \u00fczere Ukrayna&#8217;daki askeri biyolojik faaliyetlerle ili\u015fkili insan \u00e7evresini do\u011fru bir \u015fekilde belirlemeye izin verdi\u011fini&#8221; s\u00f6yledi ve icra memurlar\u0131n\u0131n bu konuda a\u00e7\u0131k ceza davas\u0131n\u0131n pe\u015finde olduklar\u0131n\u0131 belirtti.<\/p>\n<p>Bastrykin&#8217;e g\u00f6re, Soru\u015fturma Komisyonu 2005&#8217;ten bu yana ABD&#8217;nin Ukrayna&#8217;daki biyolojik programlar i\u00e7in sa\u011flad\u0131\u011f\u0131 fonun 224 milyon dolardan fazla oldu\u011funu tespit etti.<\/p>\n<p>Bu proje kapsam\u0131nda Wa\u015fington, Ukrayna Sa\u011fl\u0131k ve Tar\u0131m Bakanl\u0131\u011f\u0131&#8217;na ba\u011fl\u0131 otuza yak\u0131n ara\u015ft\u0131rma kurumunun yan\u0131 s\u0131ra Ukrayna Savunma Bakanl\u0131\u011f\u0131 T\u0131bbi Kuvvetler Komutanl\u0131\u011f\u0131&#8217;na ba\u011fl\u0131 bir\u00e7ok sa\u011fl\u0131k tesisini \u201cepidemiyolojik\u201d olarak modernize etti ve yeniden donatt\u0131. Bu kurumlar i\u00e7in yap\u0131lan ara\u015ft\u0131rmalar\u0131n sonu\u00e7lar\u0131, Rus \u00f6zel askeri operasyonunun ba\u015flamas\u0131ndan \u00f6nce Kiev yetkilileri taraf\u0131ndan kontrol edilen alanlara aktar\u0131ld\u0131.<\/p>\n<p>\u00d6te yandan Bastrykin, Rus soru\u015fturma komitesinin Kiev g\u00fc\u00e7leriyle birlikte \u00e7at\u0131\u015fmalara kat\u0131lan ve \u0130ngiltere, ABD, Norve\u00e7, Kanada, G\u00fcrcistan ve di\u011fer \u00fclkelerden gelen 75 paral\u0131 asker hakk\u0131nda dava a\u00e7t\u0131\u011f\u0131n\u0131 belirtti.<\/p>\n<p>Bastrykin \u00f6rnek olarak, bir G\u00fcrc\u00fc vatanda\u015f\u0131n\u0131n Ukrayna topraklar\u0131nda \u201cG\u00fcrc\u00fc Ulusal Alay\u0131\u201d ad\u0131n\u0131 verdi\u011fi bir grup olu\u015fturup lideri haline geldi\u011fini, en az 24 G\u00fcrc\u00fc vatanda\u015f\u0131 paral\u0131 askerlik faaliyetlerine katt\u0131\u011f\u0131n\u0131, ancak baz\u0131lar\u0131n\u0131n teslim olarak daha sonra sorguya al\u0131nd\u0131klar\u0131na i\u015faret etti.<\/p>\n<p>Bastrykin, Rusya&#8217;da, Donbass sakinlerine kar\u015f\u0131 sava\u015fan Ukraynal\u0131 bir tugay\u0131n be\u015f lideri de dahil olmak \u00fczere, toplamda 2.000&#8217;den fazla Ukraynal\u0131 askerin g\u00f6n\u00fcll\u00fc olarak silahlar\u0131n\u0131 b\u0131rakt\u0131\u011f\u0131n\u0131 ve Rus m\u00fcfetti\u015flerin onlar\u0131 olay\u0131n ayr\u0131nt\u0131lar\u0131 ve ko\u015fullar\u0131 hakk\u0131nda sorgulad\u0131klar\u0131n\u0131, s\u00f6z konusu tan\u0131kl\u0131klar\u0131n yabanc\u0131 e\u011fitimcilerle \u00e7al\u0131\u015fmalar\u0131 ve di\u011fer \u00fclkelerden paral\u0131 askelerle ili\u015fkili oldu\u011funu da s\u00f6zlerine ekledi.<\/p>\n<p><a class=\"oajrlxb2 g5ia77u1 qu0x051f esr5mh6w e9989ue4 r7d6kgcz rq0escxv nhd2j8a9 nc684nl6 p7hjln8o kvgmc6g5 cxmmr5t8 oygrvhab hcukyx3x jb3vyjys rz4wbd8a qt6c0cv9 a8nywdso i1ao9s8h esuyzwwr f1sip0of lzcic4wl gpro0wi8 q66pz984 b1v8xokw\" tabindex=\"0\" role=\"link\" href=\"https:\/\/www.facebook.com\/hashtag\/telegram_kanal%C4%B1m%C4%B1z?__eep__=6&amp;__cft__[0]=AZWzNjfPM1UNIyLwHC76_X_e7E_DJQPo28NEcYN1dQZq5J3SkRjT3vHpW4EN_JJST5LCyHKCOGn-zgLkoKXpp6PBrwkek-mkVeLy_5oeg4ZRxNa2amWog8pUOSy13lX0psuYobFg1hnULSpF9CIbuhFV&amp;__tn__=*NK-R\">#Telegram_Kanal\u0131m\u0131z<\/a>: <a class=\"oajrlxb2 g5ia77u1 qu0x051f esr5mh6w e9989ue4 r7d6kgcz rq0escxv nhd2j8a9 nc684nl6 p7hjln8o kvgmc6g5 cxmmr5t8 oygrvhab hcukyx3x jb3vyjys rz4wbd8a qt6c0cv9 a8nywdso i1ao9s8h esuyzwwr f1sip0of lzcic4wl gpro0wi8 py34i1dx\" tabindex=\"0\" role=\"link\" href=\"https:\/\/l.facebook.com\/l.php?u=https%3A%2F%2Ft.me%2FSuriyeArapHaberAjansI%3Ffbclid%3DIwAR2OPWY5knL1P973JwdKyeC76Wfin_RRUgFqE0msmdmlJGTf1ygXKPuzg5Y&amp;h=AT2a3lbg2XiWSTEuHXT6_ZXOAwyNhb395iVk88iZiEhqGxd4gGxC0XaXLedOn2zB94pz0WF6xj1P-wzHUPezl9WWcIU0O626pWaSnFIHUAWPjtff8Duqsds3XdAHYVBc14k&amp;__tn__=-UK-R&amp;c[0]=AT3FnAtJSXwyMjM8kkKGiD6aMvnVmEN0dGa0Md1287ib9vLsLxgwR3cO4BWyMy-gkippyBRzMii8hLBN2RTw9_znlZp9BtUGTselVpfvoJweGKs7ls_sLQDI9ySP6V5Wsrh3kr3XovRlB1X4PZhIGLkwp7QVXq-aNwHqTI1oXWD_8Q\" target=\"_blank\" rel=\"nofollow noopener\">https:\/\/t.me\/SuriyeArapHaberAjansI<\/a><\/p>\n","protected":false},"excerpt":{"rendered":"<p>MOSKOVA &#8211; Rusya Soru\u015fturma Komitesi ba\u015fkan\u0131 Aleksander Bastrykin, ABD Savunma Bakanl\u0131\u011f\u0131&#8217;ndan ve Ukrayna&#8217;daki biyolojik silah program\u0131nda parmaklar\u0131 olan ABD \u015firketlerinden ki\u015filerin oldu\u011funu ortaya \u00e7\u0131kard\u0131. Bastrykin, Rusya Bug\u00fcn kanal\u0131na verdi\u011fi r\u00f6portajda, elde edilen belgelerin analizinin, ABD Savunma Bakanl\u0131\u011f\u0131 temsilcileri ve Amerikan finansman \u015firketlerinin temsilcileri de dahil olmak \u00fczere Ukrayna&#8217;daki askeri biyolojik faaliyetlerle ili\u015fkili insan \u00e7evresini do\u011fru &hellip;<\/p>\n","protected":false},"author":1,"featured_media":254218,"comment_status":"closed","ping_status":"closed","sticky":false,"template":"","format":"standard","meta":{"footnotes":""},"categories":[458,459,17988],"tags":[],"class_list":["post-254217","post","type-post","status-publish","format-standard","has-post-thumbnail","","category-dunya1","category-haberler-arap-uluslararasi-politika","category-son-haberler"],"_links":{"self":[{"href":"https:\/\/archive.sana.sy\/tr\/index.php?rest_route=\/wp\/v2\/posts\/254217","targetHints":{"allow":["GET"]}}],"collection":[{"href":"https:\/\/archive.sana.sy\/tr\/index.php?rest_route=\/wp\/v2\/posts"}],"about":[{"href":"https:\/\/archive.sana.sy\/tr\/index.php?rest_route=\/wp\/v2\/types\/post"}],"author":[{"embeddable":true,"href":"https:\/\/archive.sana.sy\/tr\/index.php?rest_route=\/wp\/v2\/users\/1"}],"replies":[{"embeddable":true,"href":"https:\/\/archive.sana.sy\/tr\/index.php?rest_route=%2Fwp%2Fv2%2Fcomments&post=254217"}],"version-history":[{"count":0,"href":"https:\/\/archive.sana.sy\/tr\/index.php?rest_route=\/wp\/v2\/posts\/254217\/revisions"}],"wp:featuredmedia":[{"embeddable":true,"href":"https:\/\/archive.sana.sy\/tr\/index.php?rest_route=\/wp\/v2\/media\/254218"}],"wp:attachment":[{"href":"https:\/\/archive.sana.sy\/tr\/index.php?rest_route=%2Fwp%2Fv2%2Fmedia&parent=254217"}],"wp:term":[{"taxonomy":"category","embeddable":true,"href":"https:\/\/archive.sana.sy\/tr\/index.php?rest_route=%2Fwp%2Fv2%2Fcategories&post=254217"},{"taxonomy":"post_tag","embeddable":true,"href":"https:\/\/archive.sana.sy\/tr\/index.php?rest_route=%2Fwp%2Fv2%2Ftags&post=254217"}],"curies":[{"name":"wp","href":"https:\/\/api.w.org\/{rel}","templated":true}]}}