{"id":254221,"date":"2022-05-03T13:43:14","date_gmt":"2022-05-03T10:43:14","guid":{"rendered":"http:\/\/107.6.182.27\/tr\/?p=254221"},"modified":"2022-05-04T08:58:20","modified_gmt":"2022-05-04T05:58:20","slug":"medvedev-zelenski-rejiminin-sonu-anlamina-geldigi-icin-baris-anlasmasi-istemiyor","status":"publish","type":"post","link":"https:\/\/archive.sana.sy\/tr\/?p=254221","title":{"rendered":"Medvedev: Zelenski, Rejiminin Sonu Anlam\u0131na Geldi\u011fi \u0130\u00e7in Bar\u0131\u015f Anla\u015fmas\u0131 \u0130stemiyor"},"content":{"rendered":"<p>MOSKOVA &#8211; Rusya Federasyonu G\u00fcvenlik Konseyi ba\u015fkan\u0131 Dimitri Medvedev, Ukrayna Devlet Ba\u015fkan\u0131 Volodimir Zelenskiy, rejiminin sonu anlam\u0131na geldi\u011fi i\u00e7in bir bar\u0131\u015f anla\u015fmas\u0131 istemedi\u011fini s\u00f6yledi.<\/p>\n<p>Sputnik&#8217;e g\u00f6re Medvedev, Telegram platformundaki sayfas\u0131nda \u015funlar\u0131 yazd\u0131: &#8220;Zelensky&#8217;nin herhangi bir bar\u0131\u015f anla\u015fmas\u0131na ihtiyac\u0131 yok.. Onun i\u00e7in bar\u0131\u015f sondur&#8221; dedi.<\/p>\n<p>Medvedev, Ukrayna Ba\u015fkan\u0131&#8217;n\u0131n sava\u015f\u0131 uzatmak i\u00e7in gereken her \u015feyi yapaca\u011f\u0131n\u0131, uluslararas\u0131 toplumu, Bat\u0131l\u0131 ve k\u00fcresel \u00fclkeleri \u00fclkesinin soyk\u0131r\u0131ma u\u011frad\u0131\u011f\u0131 konusunda yan\u0131ltmaya \u00e7al\u0131\u015faca\u011f\u0131n\u0131, ancak di\u011fer yandan bu politikan\u0131n kendisinin hayatta kalmas\u0131na \u00a0ve rejimini desteklemesine yard\u0131mc\u0131 oldu\u011funu belirtti.<\/p>\n<p>Medvedev, Zelensky&#8217;nin &#8220;oyunda oldu\u011funu, liberal d\u00fcnyan\u0131n umudu oldu\u011funu ve Avrupa demokrasisinin son kalesi oldu\u011funu kan\u0131tlamak i\u00e7in Bat\u0131&#8217;dan para ve silah dilenmeye devam edece\u011fini&#8221; belirtti.<\/p>\n<p><a class=\"oajrlxb2 g5ia77u1 qu0x051f esr5mh6w e9989ue4 r7d6kgcz rq0escxv nhd2j8a9 nc684nl6 p7hjln8o kvgmc6g5 cxmmr5t8 oygrvhab hcukyx3x jb3vyjys rz4wbd8a qt6c0cv9 a8nywdso i1ao9s8h esuyzwwr f1sip0of lzcic4wl gpro0wi8 q66pz984 b1v8xokw\" tabindex=\"0\" role=\"link\" href=\"https:\/\/www.facebook.com\/hashtag\/telegram_kanal%C4%B1m%C4%B1z?__eep__=6&amp;__cft__[0]=AZUc3I1HDv9kP8iSa19uANLo7JYDUOoSukTkoE5sXJgVxsKIdU4WOrHmqiVQcWykln37Yj0JttohaEDzc5PJRC-hNHe2Osb1Mzx2ki7trUXgzD51ApjHAWXMPwBrz6KjKpyuDop3pDYp4vmNcmabFlcx&amp;__tn__=*NK-R\">#Telegram_Kanal\u0131m\u0131z<\/a>: <a class=\"oajrlxb2 g5ia77u1 qu0x051f esr5mh6w e9989ue4 r7d6kgcz rq0escxv nhd2j8a9 nc684nl6 p7hjln8o kvgmc6g5 cxmmr5t8 oygrvhab hcukyx3x jb3vyjys rz4wbd8a qt6c0cv9 a8nywdso i1ao9s8h esuyzwwr f1sip0of lzcic4wl gpro0wi8 py34i1dx\" tabindex=\"0\" role=\"link\" href=\"https:\/\/l.facebook.com\/l.php?u=https%3A%2F%2Ft.me%2FSuriyeArapHaberAjansI%3Ffbclid%3DIwAR0YWKxGJ99Z97zJbCNvMMdG5ynfT6Iq-3ElWUzrGrXIW8RS5KvjwFN7iVs&amp;h=AT2HdNDvNAmyi42ffMMp9AiowUxFbIqlzEZgnID3I4SCE4OmLCOQYC3SzUFc3RxL04RFrbxwxNV0r9MwAJjLaM_h3VkX-Wn7wpaLXAt4JvAqald_xqOFVRHpdXzYbkm9RT4&amp;__tn__=-UK-R&amp;c[0]=AT1wv-Xu_4SDHiCWZM_vXom5-FXXl-Dh1GJlFJBFIfx-HsfU8vFPl6P15LhCJ9GA5_i12c5QYrzD_GKkZv5RFjRpqizN2tGbz8cIzoFa6v0-wyyHoyHZBjJxr-zNpRtFlkRUFkKnFzXgfZOzdkN-9LLiHHJKaCu_UAVw0lq3MLtHuw\" target=\"_blank\" rel=\"nofollow noopener\">https:\/\/t.me\/SuriyeArapHaberAjansI<\/a><\/p>\n","protected":false},"excerpt":{"rendered":"<p>MOSKOVA &#8211; Rusya Federasyonu G\u00fcvenlik Konseyi ba\u015fkan\u0131 Dimitri Medvedev, Ukrayna Devlet Ba\u015fkan\u0131 Volodimir Zelenskiy, rejiminin sonu anlam\u0131na geldi\u011fi i\u00e7in bir bar\u0131\u015f anla\u015fmas\u0131 istemedi\u011fini s\u00f6yledi. Sputnik&#8217;e g\u00f6re Medvedev, Telegram platformundaki sayfas\u0131nda \u015funlar\u0131 yazd\u0131: &#8220;Zelensky&#8217;nin herhangi bir bar\u0131\u015f anla\u015fmas\u0131na ihtiyac\u0131 yok.. Onun i\u00e7in bar\u0131\u015f sondur&#8221; dedi. Medvedev, Ukrayna Ba\u015fkan\u0131&#8217;n\u0131n sava\u015f\u0131 uzatmak i\u00e7in gereken her \u015feyi yapaca\u011f\u0131n\u0131, uluslararas\u0131 &hellip;<\/p>\n","protected":false},"author":39,"featured_media":254222,"comment_status":"closed","ping_status":"closed","sticky":false,"template":"","format":"standard","meta":{"footnotes":""},"categories":[458,459,17988],"tags":[],"class_list":["post-254221","post","type-post","status-publish","format-standard","has-post-thumbnail","","category-dunya1","category-haberler-arap-uluslararasi-politika","category-son-haberler"],"_links":{"self":[{"href":"https:\/\/archive.sana.sy\/tr\/index.php?rest_route=\/wp\/v2\/posts\/254221","targetHints":{"allow":["GET"]}}],"collection":[{"href":"https:\/\/archive.sana.sy\/tr\/index.php?rest_route=\/wp\/v2\/posts"}],"about":[{"href":"https:\/\/archive.sana.sy\/tr\/index.php?rest_route=\/wp\/v2\/types\/post"}],"author":[{"embeddable":true,"href":"https:\/\/archive.sana.sy\/tr\/index.php?rest_route=\/wp\/v2\/users\/39"}],"replies":[{"embeddable":true,"href":"https:\/\/archive.sana.sy\/tr\/index.php?rest_route=%2Fwp%2Fv2%2Fcomments&post=254221"}],"version-history":[{"count":0,"href":"https:\/\/archive.sana.sy\/tr\/index.php?rest_route=\/wp\/v2\/posts\/254221\/revisions"}],"wp:featuredmedia":[{"embeddable":true,"href":"https:\/\/archive.sana.sy\/tr\/index.php?rest_route=\/wp\/v2\/media\/254222"}],"wp:attachment":[{"href":"https:\/\/archive.sana.sy\/tr\/index.php?rest_route=%2Fwp%2Fv2%2Fmedia&parent=254221"}],"wp:term":[{"taxonomy":"category","embeddable":true,"href":"https:\/\/archive.sana.sy\/tr\/index.php?rest_route=%2Fwp%2Fv2%2Fcategories&post=254221"},{"taxonomy":"post_tag","embeddable":true,"href":"https:\/\/archive.sana.sy\/tr\/index.php?rest_route=%2Fwp%2Fv2%2Ftags&post=254221"}],"curies":[{"name":"wp","href":"https:\/\/api.w.org\/{rel}","templated":true}]}}