{"id":254226,"date":"2022-05-03T13:53:42","date_gmt":"2022-05-03T10:53:42","guid":{"rendered":"http:\/\/107.6.182.27\/tr\/?p=254226"},"modified":"2022-05-04T08:58:27","modified_gmt":"2022-05-04T05:58:27","slug":"lugansk-ukrayna-guclerinin-bombardimani-sonucu-4-kisi-oldu-ve-yaralandi","status":"publish","type":"post","link":"https:\/\/archive.sana.sy\/tr\/?p=254226","title":{"rendered":"Lugansk: Ukrayna G\u00fc\u00e7lerinin Bombard\u0131man\u0131 Sonucu 4 Ki\u015fi \u00d6ld\u00fc Ve Yaraland\u0131"},"content":{"rendered":"<p>LUGANSK &#8211; Lugansk Halk Cumhuriyeti&#8217;ndeki Ate\u015fkesin Kontrol ve Koordinasyon Ortak Merkezi, cumhuriyetin bug\u00fcn Ukrayna kuvvetleri taraf\u0131ndan ate\u015flenen 50&#8217;den fazla a\u011f\u0131r roket, havan ve top\u00e7uya maruz kald\u0131\u011f\u0131n\u0131 ve bunun sonucunda iki sivilin \u00f6l\u00fcm\u00fcne, di\u011fer ikisinin de yaralanmas\u0131 ve maddi hasarlara neden oldu\u011funu ilan etti.<\/p>\n<p>TASS haber ajans\u0131, cumhuriyetin ortak merkezdeki misyonundan al\u0131nt\u0131 yaparak, &#8220;Ukrayna silahl\u0131 te\u015fkilatlar\u0131, Pervomaisk, Kalinov ve Stakhanov yerle\u015fim b\u00f6lgelerini \u00e7oklu f\u0131rlatma f\u00fcze sistemleri kullanarak bombalad\u0131, d\u00f6rt &#8220;Uragan-27BM&#8221; f\u00fczesi, yirmi &#8220;BM21 Grad&#8221; f\u00fczesi, 15 kalibrelik 122 mm top mermisi ve 15 adet 120 mm&#8217;lik havan mermisi f\u0131rlatt\u0131\u011f\u0131, bunun sonucunda iki sivilin \u00f6lmesine di\u011fer ikisinin de yaralanmas\u0131na, Stakhanov ve Pervomaisk&#8217;teki konut binalar\u0131nda da maddi zararlara yol a\u00e7t\u0131\u011f\u0131n\u0131\u201d s\u00f6yledi.<\/p>\n<p><a class=\"oajrlxb2 g5ia77u1 qu0x051f esr5mh6w e9989ue4 r7d6kgcz rq0escxv nhd2j8a9 nc684nl6 p7hjln8o kvgmc6g5 cxmmr5t8 oygrvhab hcukyx3x jb3vyjys rz4wbd8a qt6c0cv9 a8nywdso i1ao9s8h esuyzwwr f1sip0of lzcic4wl gpro0wi8 q66pz984 b1v8xokw\" tabindex=\"0\" role=\"link\" href=\"https:\/\/www.facebook.com\/hashtag\/telegram_kanal%C4%B1m%C4%B1z?__eep__=6&amp;__cft__[0]=AZUc3I1HDv9kP8iSa19uANLo7JYDUOoSukTkoE5sXJgVxsKIdU4WOrHmqiVQcWykln37Yj0JttohaEDzc5PJRC-hNHe2Osb1Mzx2ki7trUXgzD51ApjHAWXMPwBrz6KjKpyuDop3pDYp4vmNcmabFlcx&amp;__tn__=*NK-R\">#Telegram_Kanal\u0131m\u0131z<\/a>: <a class=\"oajrlxb2 g5ia77u1 qu0x051f esr5mh6w e9989ue4 r7d6kgcz rq0escxv nhd2j8a9 nc684nl6 p7hjln8o kvgmc6g5 cxmmr5t8 oygrvhab hcukyx3x jb3vyjys rz4wbd8a qt6c0cv9 a8nywdso i1ao9s8h esuyzwwr f1sip0of lzcic4wl gpro0wi8 py34i1dx\" tabindex=\"0\" role=\"link\" href=\"https:\/\/l.facebook.com\/l.php?u=https%3A%2F%2Ft.me%2FSuriyeArapHaberAjansI%3Ffbclid%3DIwAR0YWKxGJ99Z97zJbCNvMMdG5ynfT6Iq-3ElWUzrGrXIW8RS5KvjwFN7iVs&amp;h=AT2HdNDvNAmyi42ffMMp9AiowUxFbIqlzEZgnID3I4SCE4OmLCOQYC3SzUFc3RxL04RFrbxwxNV0r9MwAJjLaM_h3VkX-Wn7wpaLXAt4JvAqald_xqOFVRHpdXzYbkm9RT4&amp;__tn__=-UK-R&amp;c[0]=AT1wv-Xu_4SDHiCWZM_vXom5-FXXl-Dh1GJlFJBFIfx-HsfU8vFPl6P15LhCJ9GA5_i12c5QYrzD_GKkZv5RFjRpqizN2tGbz8cIzoFa6v0-wyyHoyHZBjJxr-zNpRtFlkRUFkKnFzXgfZOzdkN-9LLiHHJKaCu_UAVw0lq3MLtHuw\" target=\"_blank\" rel=\"nofollow noopener\">https:\/\/t.me\/SuriyeArapHaberAjansI<\/a><\/p>\n","protected":false},"excerpt":{"rendered":"<p>LUGANSK &#8211; Lugansk Halk Cumhuriyeti&#8217;ndeki Ate\u015fkesin Kontrol ve Koordinasyon Ortak Merkezi, cumhuriyetin bug\u00fcn Ukrayna kuvvetleri taraf\u0131ndan ate\u015flenen 50&#8217;den fazla a\u011f\u0131r roket, havan ve top\u00e7uya maruz kald\u0131\u011f\u0131n\u0131 ve bunun sonucunda iki sivilin \u00f6l\u00fcm\u00fcne, di\u011fer ikisinin de yaralanmas\u0131 ve maddi hasarlara neden oldu\u011funu ilan etti. TASS haber ajans\u0131, cumhuriyetin ortak merkezdeki misyonundan al\u0131nt\u0131 yaparak, &#8220;Ukrayna silahl\u0131 te\u015fkilatlar\u0131, &hellip;<\/p>\n","protected":false},"author":39,"featured_media":254227,"comment_status":"closed","ping_status":"closed","sticky":false,"template":"","format":"standard","meta":{"footnotes":""},"categories":[458,459,17988],"tags":[],"class_list":["post-254226","post","type-post","status-publish","format-standard","has-post-thumbnail","","category-dunya1","category-haberler-arap-uluslararasi-politika","category-son-haberler"],"_links":{"self":[{"href":"https:\/\/archive.sana.sy\/tr\/index.php?rest_route=\/wp\/v2\/posts\/254226","targetHints":{"allow":["GET"]}}],"collection":[{"href":"https:\/\/archive.sana.sy\/tr\/index.php?rest_route=\/wp\/v2\/posts"}],"about":[{"href":"https:\/\/archive.sana.sy\/tr\/index.php?rest_route=\/wp\/v2\/types\/post"}],"author":[{"embeddable":true,"href":"https:\/\/archive.sana.sy\/tr\/index.php?rest_route=\/wp\/v2\/users\/39"}],"replies":[{"embeddable":true,"href":"https:\/\/archive.sana.sy\/tr\/index.php?rest_route=%2Fwp%2Fv2%2Fcomments&post=254226"}],"version-history":[{"count":0,"href":"https:\/\/archive.sana.sy\/tr\/index.php?rest_route=\/wp\/v2\/posts\/254226\/revisions"}],"wp:featuredmedia":[{"embeddable":true,"href":"https:\/\/archive.sana.sy\/tr\/index.php?rest_route=\/wp\/v2\/media\/254227"}],"wp:attachment":[{"href":"https:\/\/archive.sana.sy\/tr\/index.php?rest_route=%2Fwp%2Fv2%2Fmedia&parent=254226"}],"wp:term":[{"taxonomy":"category","embeddable":true,"href":"https:\/\/archive.sana.sy\/tr\/index.php?rest_route=%2Fwp%2Fv2%2Fcategories&post=254226"},{"taxonomy":"post_tag","embeddable":true,"href":"https:\/\/archive.sana.sy\/tr\/index.php?rest_route=%2Fwp%2Fv2%2Ftags&post=254226"}],"curies":[{"name":"wp","href":"https:\/\/api.w.org\/{rel}","templated":true}]}}