{"id":254239,"date":"2022-05-03T21:40:41","date_gmt":"2022-05-03T18:40:41","guid":{"rendered":"http:\/\/107.6.182.27\/tr\/?p=254239"},"modified":"2022-05-04T08:59:10","modified_gmt":"2022-05-04T05:59:10","slug":"iran-viyana-muzakereleri-devam-ediyor-guclu-ve-kalici-bir-anlasma-icin-sabirsizlaniyoruz","status":"publish","type":"post","link":"https:\/\/archive.sana.sy\/tr\/?p=254239","title":{"rendered":"\u0130ran: Viyana M\u00fczakereleri Devam Ediyor.. G\u00fc\u00e7l\u00fc ve Kal\u0131c\u0131 Bir Anla\u015fma \u0130\u00e7in Sab\u0131rs\u0131zlan\u0131yoruz"},"content":{"rendered":"<p style=\"text-align: justify;\">TAHRAN \u2013 \u0130ran D\u0131\u015fi\u015fleri Bakan\u0131 H\u00fcseyin Amir Abdullahian, Viyana&#8217;da n\u00fckleer anla\u015fmay\u0131 canland\u0131rmaya y\u00f6nelik m\u00fczakerelerin durmad\u0131\u011f\u0131n\u0131, ancak Avrupal\u0131 \u200b\u200bbir arabulucu arac\u0131l\u0131\u011f\u0131yla Amerikal\u0131larla yaz\u0131l\u0131 mesaj al\u0131\u015fveri\u015finde bulunmaya devam etti\u011fini belirtti.<\/p>\n<p style=\"text-align: justify;\">Abdullahian Yemenli al Masira Kanal\u0131 ile bulundu\u011fu r\u00f6portajda, &#8220;Viyana m\u00fczakereleri durmad\u0131, \u0130ran&#8217;a uygulanan tek tarafl\u0131 ambargonun kald\u0131r\u0131lmas\u0131 i\u00e7in Amerikal\u0131larla yaz\u0131l\u0131 mesaj al\u0131\u015fveri\u015fi yoluyla devam ediyor&#8221; dedi.<\/p>\n<p style=\"text-align: justify;\">Abdullahian, ABD taraf\u0131n\u0131n &#8220;\u0130ran&#8217;\u0131n k\u0131rm\u0131z\u0131 \u00e7izgilerini anlad\u0131\u011f\u0131na&#8221; inand\u0131\u011f\u0131n\u0131 dile getirirken, Tahran&#8217;\u0131n m\u00fczakerelerine devam edece\u011fini ve bir anla\u015fmaya var\u0131l\u0131r var\u0131lmaz bu m\u00fczakerelerdeki \u0130ran temsilcisinin anla\u015fmadaki son de\u011fi\u015fiklikleri uygulayaca\u011f\u0131n\u0131 vurgulad\u0131.<\/p>\n<p style=\"text-align: justify;\">\u00d6te yandan Abdullahian, \u0130srail i\u015fgalinin ihlalleri ve uygulamalar\u0131 kar\u015f\u0131s\u0131nda Filistinlilerin fedakarl\u0131klar\u0131na dikkat \u00e7ekerek, \u0130ran&#8217;\u0131n me\u015fru haklar\u0131n\u0131 geri kazanmak i\u00e7in Filistin halk\u0131n\u0131n bir destek\u00e7isi olmaya devam edece\u011fini vurgulad\u0131.<\/p>\n<p style=\"text-align: justify;\">\u0130rlandal\u0131 mevkida\u015f\u0131 Simon Koveney ile yapt\u0131\u011f\u0131 telefon g\u00f6r\u00fc\u015fmesinde Abdullahian, \u0130ran&#8217;\u0131n n\u00fckleer dosya \u00fczerinde nihai bir anla\u015fmaya varmak i\u00e7in devam eden diplomatik yolunu yineledi.<\/p>\n<p style=\"text-align: justify;\">\u0130ran Bakan\u0131, &#8220;\u0130ran nihai bir anla\u015fmaya varmak i\u00e7in diplomatik yola devam edecek&#8221; dedi ve ABD&#8217;yi &#8220;siyasi bir giri\u015fim yolunda ad\u0131m atmaya ve eski cumhurba\u015fkan\u0131 Donald Trump&#8217;\u0131n yasad\u0131\u015f\u0131 davran\u0131\u015flar\u0131n\u0131 d\u00fczeltmeye&#8221; \u00e7a\u011f\u0131rd\u0131.<\/p>\n<p style=\"text-align: justify;\">Kendi yandan Koveney, \u0130ran&#8217;\u0131n n\u00fckleer m\u00fczakereler s\u00fcrecindeki siyasi giri\u015fimlerinin \u00f6vg\u00fcy\u00fc hak etti\u011fini do\u011frulayarak, \u0130ran&#8217;\u0131n ve Viyana&#8217;daki t\u00fcm m\u00fczakere taraflar\u0131n\u0131n taleplerini kar\u015f\u0131layan iyi bir anla\u015fmaya var\u0131lmas\u0131 gerekti\u011fini vurgulad\u0131.<\/p>\n<p style=\"text-align: justify;\">\u0130ki taraf, ikili ili\u015fkilerin geli\u015fme h\u0131z\u0131n\u0131n takip edilmesinin yan\u0131 s\u0131ra iki \u00fclke aras\u0131nda en \u00f6nemli uluslararas\u0131 meseleler, \u00f6zellikle Viyana n\u00fckleer m\u00fczakereleri ile ilgili isti\u015farelerin s\u00fcrd\u00fcr\u00fclmesini teyit etti.<\/p>\n<p style=\"text-align: justify;\">P.M.<\/p>\n","protected":false},"excerpt":{"rendered":"<p>TAHRAN \u2013 \u0130ran D\u0131\u015fi\u015fleri Bakan\u0131 H\u00fcseyin Amir Abdullahian, Viyana&#8217;da n\u00fckleer anla\u015fmay\u0131 canland\u0131rmaya y\u00f6nelik m\u00fczakerelerin durmad\u0131\u011f\u0131n\u0131, ancak Avrupal\u0131 \u200b\u200bbir arabulucu arac\u0131l\u0131\u011f\u0131yla Amerikal\u0131larla yaz\u0131l\u0131 mesaj al\u0131\u015fveri\u015finde bulunmaya devam etti\u011fini belirtti. Abdullahian Yemenli al Masira Kanal\u0131 ile bulundu\u011fu r\u00f6portajda, &#8220;Viyana m\u00fczakereleri durmad\u0131, \u0130ran&#8217;a uygulanan tek tarafl\u0131 ambargonun kald\u0131r\u0131lmas\u0131 i\u00e7in Amerikal\u0131larla yaz\u0131l\u0131 mesaj al\u0131\u015fveri\u015fi yoluyla devam ediyor&#8221; dedi. Abdullahian, &hellip;<\/p>\n","protected":false},"author":1,"featured_media":254240,"comment_status":"closed","ping_status":"closed","sticky":false,"template":"","format":"standard","meta":{"footnotes":""},"categories":[458,459,17988],"tags":[],"class_list":["post-254239","post","type-post","status-publish","format-standard","has-post-thumbnail","","category-dunya1","category-haberler-arap-uluslararasi-politika","category-son-haberler"],"_links":{"self":[{"href":"https:\/\/archive.sana.sy\/tr\/index.php?rest_route=\/wp\/v2\/posts\/254239","targetHints":{"allow":["GET"]}}],"collection":[{"href":"https:\/\/archive.sana.sy\/tr\/index.php?rest_route=\/wp\/v2\/posts"}],"about":[{"href":"https:\/\/archive.sana.sy\/tr\/index.php?rest_route=\/wp\/v2\/types\/post"}],"author":[{"embeddable":true,"href":"https:\/\/archive.sana.sy\/tr\/index.php?rest_route=\/wp\/v2\/users\/1"}],"replies":[{"embeddable":true,"href":"https:\/\/archive.sana.sy\/tr\/index.php?rest_route=%2Fwp%2Fv2%2Fcomments&post=254239"}],"version-history":[{"count":0,"href":"https:\/\/archive.sana.sy\/tr\/index.php?rest_route=\/wp\/v2\/posts\/254239\/revisions"}],"wp:featuredmedia":[{"embeddable":true,"href":"https:\/\/archive.sana.sy\/tr\/index.php?rest_route=\/wp\/v2\/media\/254240"}],"wp:attachment":[{"href":"https:\/\/archive.sana.sy\/tr\/index.php?rest_route=%2Fwp%2Fv2%2Fmedia&parent=254239"}],"wp:term":[{"taxonomy":"category","embeddable":true,"href":"https:\/\/archive.sana.sy\/tr\/index.php?rest_route=%2Fwp%2Fv2%2Fcategories&post=254239"},{"taxonomy":"post_tag","embeddable":true,"href":"https:\/\/archive.sana.sy\/tr\/index.php?rest_route=%2Fwp%2Fv2%2Ftags&post=254239"}],"curies":[{"name":"wp","href":"https:\/\/api.w.org\/{rel}","templated":true}]}}