{"id":254325,"date":"2022-05-04T21:19:32","date_gmt":"2022-05-04T18:19:32","guid":{"rendered":"http:\/\/107.6.182.27\/tr\/?p=254325"},"modified":"2022-05-05T08:51:59","modified_gmt":"2022-05-05T05:51:59","slug":"deyrezzor-kirsalinda-ayri-saldirilarda-birkac-dsg-militani-olu-ve-yarali-dustu","status":"publish","type":"post","link":"https:\/\/archive.sana.sy\/tr\/?p=254325","title":{"rendered":"Deyrezzor K\u0131rsal\u0131nda Ayr\u0131 Sald\u0131r\u0131larda Birka\u00e7 \u201cDSG\u201d Militan\u0131 \u00d6l\u00fc ve Yaral\u0131 D\u00fc\u015ft\u00fc"},"content":{"rendered":"<p style=\"text-align: justify;\">DEYREZZOR \u2013 Amerikan i\u015fgalinden destekli \u201cDSG\u201d milislerinden birka\u00e7 unsur Deyrezzor k\u0131rsal\u0131n\u0131n kuzeyinde ger\u00e7ekle\u015ftirilen sald\u0131r\u0131da \u00f6l\u00fc ve yaral\u0131 d\u00fc\u015ft\u00fc.<\/p>\n<p style=\"text-align: justify;\">Yerel kaynaklar, Deyrezzor k\u0131rsal\u0131n\u0131n kuzeyinde yer alan el Secr k\u00f6y\u00fcnde \u201cDSG\u201d milislerine ait bir kontrol noktas\u0131na kar\u015f\u0131 bilinmeyen ki\u015filerce ger\u00e7ekle\u015ftirilen ve hafif silahlar\u0131n kullan\u0131ld\u0131\u011f\u0131 sald\u0131r\u0131ya maruz kald\u0131\u011f\u0131n\u0131 belirtti.<\/p>\n<p style=\"text-align: justify;\">Kaynaklar, sald\u0131r\u0131 sonucunda kesin haberlere g\u00f6re milislerden \u00f6l\u00fc ve yaral\u0131 kay\u0131plar\u0131n d\u00fc\u015ft\u00fc\u011f\u00fcn\u00fc ekledi.<\/p>\n<p style=\"text-align: justify;\">\u00d6te yandan kaynaklar, yine kimli\u011fi belirsiz ki\u015filerin Deyrezzor k\u0131rsal\u0131n\u0131n kuzeyinde yer alan \u011eureybe el \u015earkiye k\u00f6y\u00fcnde \u201cDSG\u201d milislerine ait askeri bir araca sald\u0131rd\u0131klar\u0131n\u0131 ve bunun sonucunda bir militan\u0131n \u00f6ld\u00fcr\u00fcld\u00fc\u011f\u00fcn\u00fc ve di\u011fer iki militan\u0131n da yaraland\u0131\u011f\u0131n\u0131 belirtti.<\/p>\n<p style=\"text-align: justify;\">P.M.<\/p>\n","protected":false},"excerpt":{"rendered":"<p>DEYREZZOR \u2013 Amerikan i\u015fgalinden destekli \u201cDSG\u201d milislerinden birka\u00e7 unsur Deyrezzor k\u0131rsal\u0131n\u0131n kuzeyinde ger\u00e7ekle\u015ftirilen sald\u0131r\u0131da \u00f6l\u00fc ve yaral\u0131 d\u00fc\u015ft\u00fc. Yerel kaynaklar, Deyrezzor k\u0131rsal\u0131n\u0131n kuzeyinde yer alan el Secr k\u00f6y\u00fcnde \u201cDSG\u201d milislerine ait bir kontrol noktas\u0131na kar\u015f\u0131 bilinmeyen ki\u015filerce ger\u00e7ekle\u015ftirilen ve hafif silahlar\u0131n kullan\u0131ld\u0131\u011f\u0131 sald\u0131r\u0131ya maruz kald\u0131\u011f\u0131n\u0131 belirtti. Kaynaklar, sald\u0131r\u0131 sonucunda kesin haberlere g\u00f6re milislerden \u00f6l\u00fc ve &hellip;<\/p>\n","protected":false},"author":1,"featured_media":254326,"comment_status":"closed","ping_status":"closed","sticky":false,"template":"","format":"standard","meta":{"footnotes":""},"categories":[479,575,17988,478],"tags":[],"class_list":["post-254325","post","type-post","status-publish","format-standard","has-post-thumbnail","","category-haberler-yerel","category-olaylar-ve-gercekler","category-son-haberler","category-yerel"],"_links":{"self":[{"href":"https:\/\/archive.sana.sy\/tr\/index.php?rest_route=\/wp\/v2\/posts\/254325","targetHints":{"allow":["GET"]}}],"collection":[{"href":"https:\/\/archive.sana.sy\/tr\/index.php?rest_route=\/wp\/v2\/posts"}],"about":[{"href":"https:\/\/archive.sana.sy\/tr\/index.php?rest_route=\/wp\/v2\/types\/post"}],"author":[{"embeddable":true,"href":"https:\/\/archive.sana.sy\/tr\/index.php?rest_route=\/wp\/v2\/users\/1"}],"replies":[{"embeddable":true,"href":"https:\/\/archive.sana.sy\/tr\/index.php?rest_route=%2Fwp%2Fv2%2Fcomments&post=254325"}],"version-history":[{"count":0,"href":"https:\/\/archive.sana.sy\/tr\/index.php?rest_route=\/wp\/v2\/posts\/254325\/revisions"}],"wp:featuredmedia":[{"embeddable":true,"href":"https:\/\/archive.sana.sy\/tr\/index.php?rest_route=\/wp\/v2\/media\/254326"}],"wp:attachment":[{"href":"https:\/\/archive.sana.sy\/tr\/index.php?rest_route=%2Fwp%2Fv2%2Fmedia&parent=254325"}],"wp:term":[{"taxonomy":"category","embeddable":true,"href":"https:\/\/archive.sana.sy\/tr\/index.php?rest_route=%2Fwp%2Fv2%2Fcategories&post=254325"},{"taxonomy":"post_tag","embeddable":true,"href":"https:\/\/archive.sana.sy\/tr\/index.php?rest_route=%2Fwp%2Fv2%2Ftags&post=254325"}],"curies":[{"name":"wp","href":"https:\/\/api.w.org\/{rel}","templated":true}]}}