{"id":254329,"date":"2022-05-04T21:22:40","date_gmt":"2022-05-04T18:22:40","guid":{"rendered":"http:\/\/107.6.182.27\/tr\/?p=254329"},"modified":"2022-05-05T08:52:06","modified_gmt":"2022-05-05T05:52:06","slug":"hayfada-yeni-bir-yerlesim-plani-tarihi-bir-kiliseyi-tehdit-ediyor","status":"publish","type":"post","link":"https:\/\/archive.sana.sy\/tr\/?p=254329","title":{"rendered":"Hayfa&#8217;da Yeni Bir Yerle\u015fim Plan\u0131, Tarihi Bir Kiliseyi Tehdit Ediyor"},"content":{"rendered":"<p style=\"text-align: justify;\">\u0130\u015eGAL ALATINDAK\u0130 KUD\u00dcS \u2013 \u0130srail i\u015fgal yetkilileri bu ak\u015fam 1948&#8217;de i\u015fgal alt\u0131ndaki Filistin topraklar\u0131 i\u00e7indeki Hayfa \u015fehrinde yeni bir yerle\u015fim plan\u0131n\u0131 duyurdu.<\/p>\n<p style=\"text-align: justify;\">Wafa haber ajans\u0131, yeni yerle\u015fim plan\u0131n\u0131n Hayfa&#8217;daki tarihi bir kilisenin kimli\u011fini ortadan kald\u0131rmay\u0131 ve \u00e7evresine katl\u0131 binalar dikerek \u00f6zelliklerini gizlemeyi ama\u00e7lad\u0131\u011f\u0131n\u0131 ve bunun kilisenin eski yap\u0131lar\u0131n\u0131 kaybetmesine ve yok olmas\u0131na yol a\u00e7t\u0131\u011f\u0131n\u0131 belirtti.<\/p>\n<p style=\"text-align: justify;\">Bu ba\u011flamda Tarihi Binalar\u0131 Koruma Komitesi \u00fcyesi Orva Sveytat \u201cHayfa&#8217;n\u0131n en \u00f6nemli tarihi ve k\u00fclt\u00fcrel an\u0131tlar\u0131ndan ve kutsal alanlar\u0131ndan biri olan tarihi Maronit Kilisesi&#8217;ne y\u00f6nelik tehdit nedeniyle iki y\u0131l boyunca plan\u0131 \u00fc\u00e7 kez reddettik.. Kutsallara verilen her zarar k\u0131rm\u0131z\u0131 \u00e7izgidir ve tarihi miras\u0131 korumak bir g\u00f6rev, hak ve sorumluluktur\u201d dedi.<\/p>\n<p style=\"text-align: justify;\">\u0130srail i\u015fgal makamlar\u0131 ge\u00e7en Mart ay\u0131nda, 1948&#8217;de i\u015fgal edilen Filistin topraklar\u0131ndaki Negev b\u00f6lgesinde, yeni yerle\u015fimler kurmak ve yukar\u0131da belirtilen b\u00f6lgede kurulan di\u011ferlerini geni\u015fletmek i\u00e7in daha fazla Filistin topraklar\u0131n\u0131 ele ge\u00e7irmek amac\u0131yla bir yerle\u015fim plan\u0131 ilan etti.<\/p>\n<p style=\"text-align: justify;\">P.M.<\/p>\n","protected":false},"excerpt":{"rendered":"<p>\u0130\u015eGAL ALATINDAK\u0130 KUD\u00dcS \u2013 \u0130srail i\u015fgal yetkilileri bu ak\u015fam 1948&#8217;de i\u015fgal alt\u0131ndaki Filistin topraklar\u0131 i\u00e7indeki Hayfa \u015fehrinde yeni bir yerle\u015fim plan\u0131n\u0131 duyurdu. Wafa haber ajans\u0131, yeni yerle\u015fim plan\u0131n\u0131n Hayfa&#8217;daki tarihi bir kilisenin kimli\u011fini ortadan kald\u0131rmay\u0131 ve \u00e7evresine katl\u0131 binalar dikerek \u00f6zelliklerini gizlemeyi ama\u00e7lad\u0131\u011f\u0131n\u0131 ve bunun kilisenin eski yap\u0131lar\u0131n\u0131 kaybetmesine ve yok olmas\u0131na yol a\u00e7t\u0131\u011f\u0131n\u0131 belirtti. &hellip;<\/p>\n","protected":false},"author":1,"featured_media":254330,"comment_status":"closed","ping_status":"closed","sticky":false,"template":"","format":"standard","meta":{"footnotes":""},"categories":[458,459,17988],"tags":[],"class_list":["post-254329","post","type-post","status-publish","format-standard","has-post-thumbnail","","category-dunya1","category-haberler-arap-uluslararasi-politika","category-son-haberler"],"_links":{"self":[{"href":"https:\/\/archive.sana.sy\/tr\/index.php?rest_route=\/wp\/v2\/posts\/254329","targetHints":{"allow":["GET"]}}],"collection":[{"href":"https:\/\/archive.sana.sy\/tr\/index.php?rest_route=\/wp\/v2\/posts"}],"about":[{"href":"https:\/\/archive.sana.sy\/tr\/index.php?rest_route=\/wp\/v2\/types\/post"}],"author":[{"embeddable":true,"href":"https:\/\/archive.sana.sy\/tr\/index.php?rest_route=\/wp\/v2\/users\/1"}],"replies":[{"embeddable":true,"href":"https:\/\/archive.sana.sy\/tr\/index.php?rest_route=%2Fwp%2Fv2%2Fcomments&post=254329"}],"version-history":[{"count":0,"href":"https:\/\/archive.sana.sy\/tr\/index.php?rest_route=\/wp\/v2\/posts\/254329\/revisions"}],"wp:featuredmedia":[{"embeddable":true,"href":"https:\/\/archive.sana.sy\/tr\/index.php?rest_route=\/wp\/v2\/media\/254330"}],"wp:attachment":[{"href":"https:\/\/archive.sana.sy\/tr\/index.php?rest_route=%2Fwp%2Fv2%2Fmedia&parent=254329"}],"wp:term":[{"taxonomy":"category","embeddable":true,"href":"https:\/\/archive.sana.sy\/tr\/index.php?rest_route=%2Fwp%2Fv2%2Fcategories&post=254329"},{"taxonomy":"post_tag","embeddable":true,"href":"https:\/\/archive.sana.sy\/tr\/index.php?rest_route=%2Fwp%2Fv2%2Ftags&post=254329"}],"curies":[{"name":"wp","href":"https:\/\/api.w.org\/{rel}","templated":true}]}}