{"id":254332,"date":"2022-05-04T21:23:55","date_gmt":"2022-05-04T18:23:55","guid":{"rendered":"http:\/\/107.6.182.27\/tr\/?p=254332"},"modified":"2022-05-05T08:52:15","modified_gmt":"2022-05-05T05:52:15","slug":"amerikan-isgali-calinti-suriye-petrolu-tasiyan-yeni-bir-konvoyu-iraka-cikariyor","status":"publish","type":"post","link":"https:\/\/archive.sana.sy\/tr\/?p=254332","title":{"rendered":"Amerikan \u0130\u015fgali \u00c7al\u0131nt\u0131 Suriye Petrol\u00fc Ta\u015f\u0131yan Yeni Bir Konvoyu Irak\u2019a \u00c7\u0131kar\u0131yor"},"content":{"rendered":"<p>HASEKE \u2013 Amerikan i\u015fgali \u00e7al\u0131nt\u0131 Suriye petrol\u00fc ve lojistik te\u00e7hizatlar\u0131 ta\u015f\u0131yan bir konvoyu el Velid gayri me\u015fru s\u0131n\u0131r ge\u00e7idi \u00fczerinden Irak\u2019a do\u011fru \u00e7\u0131karmak \u00fczere Yarubiye k\u0131rsal\u0131ndaki Harab el Jir havaalan\u0131na aktard\u0131.<\/p>\n<p>B\u00f6lge kaynaklar SANA muhabirine, Amerikan i\u015fgalinin, \u00e7o\u011fu \u00e7al\u0131nt\u0131 petrol ile y\u00fckl\u00fc tanker olmak \u00fczere ve baz\u0131 askeri te\u00e7hizat ta\u015f\u0131yan 50 ara\u00e7tan olu\u015fan bir konvoyun 8 z\u0131rhl\u0131 arac\u0131n e\u015fli\u011fiyle Haseke k\u0131rsal\u0131ndaki Tel Hamis\u2019ten Yarubiye Beldesinin civar\u0131nda bulunan Harab el Jir havaalan\u0131na aktard\u0131\u011f\u0131n\u0131 belirtti.<\/p>\n<p>Kaynaklar, \u00e7\u0131k\u0131\u015f yapan ara\u00e7lar\u0131n yar\u0131n el Velid yasad\u0131\u015f\u0131 ge\u00e7i\u015fine gitmek i\u00e7in Harab el Jir Havaliman\u0131&#8217;nda durdu\u011funa dikkat \u00e7ekti.<\/p>\n<p>P.M.<\/p>\n","protected":false},"excerpt":{"rendered":"<p>HASEKE \u2013 Amerikan i\u015fgali \u00e7al\u0131nt\u0131 Suriye petrol\u00fc ve lojistik te\u00e7hizatlar\u0131 ta\u015f\u0131yan bir konvoyu el Velid gayri me\u015fru s\u0131n\u0131r ge\u00e7idi \u00fczerinden Irak\u2019a do\u011fru \u00e7\u0131karmak \u00fczere Yarubiye k\u0131rsal\u0131ndaki Harab el Jir havaalan\u0131na aktard\u0131. B\u00f6lge kaynaklar SANA muhabirine, Amerikan i\u015fgalinin, \u00e7o\u011fu \u00e7al\u0131nt\u0131 petrol ile y\u00fckl\u00fc tanker olmak \u00fczere ve baz\u0131 askeri te\u00e7hizat ta\u015f\u0131yan 50 ara\u00e7tan olu\u015fan bir konvoyun &hellip;<\/p>\n","protected":false},"author":1,"featured_media":254333,"comment_status":"closed","ping_status":"closed","sticky":false,"template":"","format":"standard","meta":{"footnotes":""},"categories":[479,575,17988,478],"tags":[],"class_list":["post-254332","post","type-post","status-publish","format-standard","has-post-thumbnail","","category-haberler-yerel","category-olaylar-ve-gercekler","category-son-haberler","category-yerel"],"_links":{"self":[{"href":"https:\/\/archive.sana.sy\/tr\/index.php?rest_route=\/wp\/v2\/posts\/254332","targetHints":{"allow":["GET"]}}],"collection":[{"href":"https:\/\/archive.sana.sy\/tr\/index.php?rest_route=\/wp\/v2\/posts"}],"about":[{"href":"https:\/\/archive.sana.sy\/tr\/index.php?rest_route=\/wp\/v2\/types\/post"}],"author":[{"embeddable":true,"href":"https:\/\/archive.sana.sy\/tr\/index.php?rest_route=\/wp\/v2\/users\/1"}],"replies":[{"embeddable":true,"href":"https:\/\/archive.sana.sy\/tr\/index.php?rest_route=%2Fwp%2Fv2%2Fcomments&post=254332"}],"version-history":[{"count":0,"href":"https:\/\/archive.sana.sy\/tr\/index.php?rest_route=\/wp\/v2\/posts\/254332\/revisions"}],"wp:featuredmedia":[{"embeddable":true,"href":"https:\/\/archive.sana.sy\/tr\/index.php?rest_route=\/wp\/v2\/media\/254333"}],"wp:attachment":[{"href":"https:\/\/archive.sana.sy\/tr\/index.php?rest_route=%2Fwp%2Fv2%2Fmedia&parent=254332"}],"wp:term":[{"taxonomy":"category","embeddable":true,"href":"https:\/\/archive.sana.sy\/tr\/index.php?rest_route=%2Fwp%2Fv2%2Fcategories&post=254332"},{"taxonomy":"post_tag","embeddable":true,"href":"https:\/\/archive.sana.sy\/tr\/index.php?rest_route=%2Fwp%2Fv2%2Ftags&post=254332"}],"curies":[{"name":"wp","href":"https:\/\/api.w.org\/{rel}","templated":true}]}}